{"id":27769,"date":"2023-09-06T14:51:33","date_gmt":"2023-09-06T19:51:33","guid":{"rendered":"http:\/\/www.perupesquero.org\/web\/?p=27769"},"modified":"2023-09-06T14:51:46","modified_gmt":"2023-09-06T19:51:46","slug":"ana-maria-choquehuanca-es-la-nueva-ministra-de-la-produccion","status":"publish","type":"post","link":"http:\/\/www.perupesquero.org\/web\/ana-maria-choquehuanca-es-la-nueva-ministra-de-la-produccion\/","title":{"rendered":"Ana Mar\u00eda Choquehuanca es la nueva ministra de la Producci\u00f3n"},"content":{"rendered":"<p>La nueva titular de la Producci\u00f3n (Produce), Ana Mar\u00eda Choquehuanca, es una figura conocida de la pol\u00edtica peruana por su desempe\u00f1o en diversos cargos tanto en el sector p\u00fablico como privado, lo que le da una interesante visi\u00f3n de la problem\u00e1tica del pa\u00eds.<\/p>\n<p>Proveniente de la peque\u00f1a y micro empresa provinciana, es una pol\u00edtica, empresaria y economista de Arequipa.\u00a0En el 2016 fue elegida congresista por esa regi\u00f3n hasta la disoluci\u00f3n del Congreso en el 2019 por el entonces presidente Mart\u00edn Vizcarra.<\/p>\n<p>En el intermedio, fue Ministra de la Mujer y Poblaciones Vulnerables, de julio del 2017 a octubre del 2018, en el gobierno de Pedro Pablo Kuczynski.<\/p>\n<p>En enero del 2021 asumi\u00f3 la vicepresidencia de la Confederaci\u00f3n Nacional de Instituciones Empresariales Privadas (CONFIEP).<\/p>\n<p>En febrero del 2021 fue presidenta de la Asociaci\u00f3n de Gremios de la Peque\u00f1a Empresa del Per\u00fa \u2013 Asociaci\u00f3n PYME Per\u00fa.<\/p>\n<p>En el sector privado, se ha desempe\u00f1ado en cargos gerenciales de diversas empresas.<\/p>\n<p>Tiene estudios universitarios en la Universidad Cat\u00f3lica de Santa Mar\u00eda en Econom\u00eda. Cuenta con estudios de Maestr\u00eda en Administraci\u00f3n por Valores en Spenta University Mexico. S.C.<\/p>\n<p>Asimismo, cuanta con postgrado de Agentes de Igualdad de Oportunidades para la Mujer en la Universidad Cat\u00f3lica de Santa Mar\u00eda \/ Universidad de Zaragoza, Espa\u00f1a.<\/p>\n<p>Fuente El Peruano<\/p>\n<p>&nbsp;<\/p>\n","protected":false},"excerpt":{"rendered":"<p>La nueva titular de la Producci\u00f3n (Produce), Ana Mar\u00eda Choquehuanca, es una figura conocida de la pol\u00edtica peruana por su desempe\u00f1o en diversos cargos tanto en el sector p\u00fablico como privado, lo que le da una interesante visi\u00f3n de la problem\u00e1tica del pa\u00eds. Proveniente de la peque\u00f1a y micro empresa provinciana, es una pol\u00edtica, empresaria [&hellip;]<\/p>\n","protected":false},"author":2,"featured_media":27770,"comment_status":"open","ping_status":"open","sticky":false,"template":"","format":"standard","meta":{"footnotes":""},"categories":[63],"tags":[],"class_list":["post-27769","post","type-post","status-publish","format-standard","has-post-thumbnail","hentry","category-noticias"],"_links":{"self":[{"href":"http:\/\/www.perupesquero.org\/web\/wp-json\/wp\/v2\/posts\/27769","targetHints":{"allow":["GET"]}}],"collection":[{"href":"http:\/\/www.perupesquero.org\/web\/wp-json\/wp\/v2\/posts"}],"about":[{"href":"http:\/\/www.perupesquero.org\/web\/wp-json\/wp\/v2\/types\/post"}],"author":[{"embeddable":true,"href":"http:\/\/www.perupesquero.org\/web\/wp-json\/wp\/v2\/users\/2"}],"replies":[{"embeddable":true,"href":"http:\/\/www.perupesquero.org\/web\/wp-json\/wp\/v2\/comments?post=27769"}],"version-history":[{"count":1,"href":"http:\/\/www.perupesquero.org\/web\/wp-json\/wp\/v2\/posts\/27769\/revisions"}],"predecessor-version":[{"id":27771,"href":"http:\/\/www.perupesquero.org\/web\/wp-json\/wp\/v2\/posts\/27769\/revisions\/27771"}],"wp:featuredmedia":[{"embeddable":true,"href":"http:\/\/www.perupesquero.org\/web\/wp-json\/wp\/v2\/media\/27770"}],"wp:attachment":[{"href":"http:\/\/www.perupesquero.org\/web\/wp-json\/wp\/v2\/media?parent=27769"}],"wp:term":[{"taxonomy":"category","embeddable":true,"href":"http:\/\/www.perupesquero.org\/web\/wp-json\/wp\/v2\/categories?post=27769"},{"taxonomy":"post_tag","embeddable":true,"href":"http:\/\/www.perupesquero.org\/web\/wp-json\/wp\/v2\/tags?post=27769"}],"curies":[{"name":"wp","href":"https:\/\/api.w.org\/{rel}","templated":true}]}}