{"id":27751,"date":"2023-09-01T11:32:07","date_gmt":"2023-09-01T16:32:07","guid":{"rendered":"http:\/\/www.perupesquero.org\/web\/?p=27751"},"modified":"2023-09-01T11:32:07","modified_gmt":"2023-09-01T16:32:07","slug":"alerta-oleajes-de-ligera-a-fuerte-intensidad-continuaran-en-el-litoral-hasta-el-7-de-setiembre","status":"publish","type":"post","link":"http:\/\/www.perupesquero.org\/web\/alerta-oleajes-de-ligera-a-fuerte-intensidad-continuaran-en-el-litoral-hasta-el-7-de-setiembre\/","title":{"rendered":"\u00a1Alerta! Oleajes de ligera a fuerte intensidad continuar\u00e1n en el litoral hasta el 7 de setiembre"},"content":{"rendered":"<p>El Instituto Nacional de Defensa Civil (INDECI) recomienda medidas de preparaci\u00f3n ante el Aviso Especial N.\u00ba 42, elaborado por la Direcci\u00f3n de Hidrograf\u00eda y Navegaci\u00f3n (DHN) de la Marina de Guerra del Per\u00fa, en el que se informa sobre la continuidad de oleajes de ligera a moderada intensidad en el litoral hasta el 7 de setiembre.<\/p>\n<p>De acuerdo al pron\u00f3stico, en la costa norte y en el centro, espec\u00edficamente entre las localidades Salaverry y Chancay, este fen\u00f3meno persistir\u00eda de forma ligera incrementando a moderada a partir del viernes 1. Por su parte, entre Chancay y San Juan, as\u00ed como en el litoral sur continuar\u00eda el oleaje moderado incrementando a fuerte desde la tarde del viernes 1, disminuyendo a moderado el s\u00e1bado 3 y a ligero la tarde del domingo 3 setiembre.<\/p>\n<p>Ante esta situaci\u00f3n, el INDECI exhorta a las autoridades regionales y locales orientar a la poblaci\u00f3n en cuanto a medidas de protecci\u00f3n espec\u00edficas, evitando exponerse a este fen\u00f3meno para prevenir accidentes y\/o da\u00f1os personales y materiales.<\/p>\n<p>Del mismo modo, se recomienda suspender las actividades portuarias y de pesca, as\u00ed como asegurar las embarcaciones y\/o retirar las flotas peque\u00f1as hacia tierra firme. Adem\u00e1s, se debe evitar actividades deportivas y recreativas durante el periodo de oleaje, as\u00ed como campamentos cerca de las zonas de playa.<\/p>\n<p>El INDECI, a trav\u00e9s del Centro de Operaciones de Emergencia Nacional (COEN), monitorea los departamentos del litoral peruano en coordinaci\u00f3n con las oficinas de Gesti\u00f3n del Riesgo de Desastres y la DHN, con la finalidad de brindar informaci\u00f3n a las autoridades y poblaci\u00f3n en general sobre los eventos que se presenten.<\/p>\n<p>Nota de prensa INDECI<\/p>\n<p>&nbsp;<\/p>\n","protected":false},"excerpt":{"rendered":"<p>El Instituto Nacional de Defensa Civil (INDECI) recomienda medidas de preparaci\u00f3n ante el Aviso Especial N.\u00ba 42, elaborado por la Direcci\u00f3n de Hidrograf\u00eda y Navegaci\u00f3n (DHN) de la Marina de Guerra del Per\u00fa, en el que se informa sobre la continuidad de oleajes de ligera a moderada intensidad en el litoral hasta el 7 de [&hellip;]<\/p>\n","protected":false},"author":2,"featured_media":27752,"comment_status":"open","ping_status":"open","sticky":false,"template":"","format":"standard","meta":{"footnotes":""},"categories":[63],"tags":[],"class_list":["post-27751","post","type-post","status-publish","format-standard","has-post-thumbnail","hentry","category-noticias"],"_links":{"self":[{"href":"http:\/\/www.perupesquero.org\/web\/wp-json\/wp\/v2\/posts\/27751","targetHints":{"allow":["GET"]}}],"collection":[{"href":"http:\/\/www.perupesquero.org\/web\/wp-json\/wp\/v2\/posts"}],"about":[{"href":"http:\/\/www.perupesquero.org\/web\/wp-json\/wp\/v2\/types\/post"}],"author":[{"embeddable":true,"href":"http:\/\/www.perupesquero.org\/web\/wp-json\/wp\/v2\/users\/2"}],"replies":[{"embeddable":true,"href":"http:\/\/www.perupesquero.org\/web\/wp-json\/wp\/v2\/comments?post=27751"}],"version-history":[{"count":1,"href":"http:\/\/www.perupesquero.org\/web\/wp-json\/wp\/v2\/posts\/27751\/revisions"}],"predecessor-version":[{"id":27753,"href":"http:\/\/www.perupesquero.org\/web\/wp-json\/wp\/v2\/posts\/27751\/revisions\/27753"}],"wp:featuredmedia":[{"embeddable":true,"href":"http:\/\/www.perupesquero.org\/web\/wp-json\/wp\/v2\/media\/27752"}],"wp:attachment":[{"href":"http:\/\/www.perupesquero.org\/web\/wp-json\/wp\/v2\/media?parent=27751"}],"wp:term":[{"taxonomy":"category","embeddable":true,"href":"http:\/\/www.perupesquero.org\/web\/wp-json\/wp\/v2\/categories?post=27751"},{"taxonomy":"post_tag","embeddable":true,"href":"http:\/\/www.perupesquero.org\/web\/wp-json\/wp\/v2\/tags?post=27751"}],"curies":[{"name":"wp","href":"https:\/\/api.w.org\/{rel}","templated":true}]}}