{"id":27740,"date":"2023-08-30T23:27:45","date_gmt":"2023-08-31T04:27:45","guid":{"rendered":"http:\/\/www.perupesquero.org\/web\/?p=27740"},"modified":"2023-08-30T23:27:45","modified_gmt":"2023-08-31T04:27:45","slug":"peru-y-ecuador-fortalecen-sus-relaciones-bilaterales-con-expo-feria-de-la-pesca","status":"publish","type":"post","link":"http:\/\/www.perupesquero.org\/web\/peru-y-ecuador-fortalecen-sus-relaciones-bilaterales-con-expo-feria-de-la-pesca\/","title":{"rendered":"Per\u00fa y Ecuador fortalecen sus relaciones bilaterales, con Expo Feria de la Pesca"},"content":{"rendered":"<p><em><strong>Gobernador Roger Guevara inaugur\u00f3 feria binacional en Puente Internacional de La Balsa.<\/strong><\/em><\/p>\n<p>Hoy, el\u00a0<strong>puente internacional La Balsa<\/strong>\u00a0(provincia San Ignacio) se convirti\u00f3 en el escenario de la expoferia acu\u00edcola binacional Per\u00fa \u2013 Ecuador, que este 2023 celebra su sexta edici\u00f3n. Con ello, el Gobierno Regional Cajamarca promueve el dinamismo y diversificaci\u00f3n de la matriz comercial y tur\u00edstica.<\/p>\n<p>El gobernador de Cajamarca, Roger Guevara Rodr\u00edguez estuvo acompa\u00f1ado por\u00a0<strong>el gobernador de Zamora Chinchipe (Ecuador), Absalom Campoverde Saavedra<\/strong>. Asimismo, se dio lectura a la Resoluci\u00f3n Regional que formaliza la feria binacional acu\u00edcola para su realizaci\u00f3n anual.<\/p>\n<p>\u201cEstamos comprometidos con la generaci\u00f3n de espacios pata la promoci\u00f3n comercial, la acuicultura es una oportunidad m\u00e1s para el dinamismo econ\u00f3mico\u201d, expres\u00f3 el gobernador Roger Guevara Rodr\u00edguez durante la inauguraci\u00f3n del expo acu\u00edcola.<\/p>\n<p>Se fortalece la integraci\u00f3n, desarrollo y cooperaci\u00f3n de las poblaciones fronterizas de Ecuador y Per\u00fa. Productores participan en esta nueva ventana comercial mostrando lo mejor de su producci\u00f3n.<\/p>\n<p><em>\u201cCajamarca perfecciona su producci\u00f3n acu\u00edcola gracias al cumplimiento de los est\u00e1ndares de certificaci\u00f3n, sistema de gesti\u00f3n, evaluaci\u00f3n, aseguramiento y calidad\u201d, expres\u00f3 el gobernador Roger Guevara Rodr\u00edguez.<\/em><\/p>\n<p>La carne de pescado dulce es altamente nutritiva, contiene elevado porcentaje de prote\u00ednas, aporta \u00e1cidos grasos omega 3, vitaminas y minerales. En las gestantes y ni\u00f1os, el pescado contribuye al crecimiento, desarrollo cerebral y prevenci\u00f3n de la anemia. Mientras que en los adultos ayuda a prevenir las enfermedades cardiovasculares y reparaci\u00f3n de tejidos.<\/p>\n<p>Por ello, el Gobierno Regional de Cajamarca ampl\u00eda la disponibilidad de peces de agua dulce para garantizar seguridad alimentaria a la poblaci\u00f3n. Gracias a las gestiones de fondos concursables para inversiones en producci\u00f3n y crianza de tilapia y trucha se oferta un producto hidrobiol\u00f3gico de alta calidad nutricional a precios populares contribuyendo a la reducci\u00f3n de la desnutrici\u00f3n y anemia cr\u00f3nica infantil.<\/p>\n<p>En el centro experimental La Balsa, del Gobierno Regional de Cajamarca, ubicado en el distrito Namballe, provincia San Ignacio, se produce anualmente m\u00e1s de 70 mil alevinos (cr\u00edas reci\u00e9n nacidas de peces).<\/p>\n<p>Se tiene por objetivo apoyar las acciones en log\u00edstica, capacitaci\u00f3n y asistencia t\u00e9cnica a las unidades de negocios para la adopci\u00f3n de nuevas tecnolog\u00edas. Aumentar la competitividad, capacidad de innovaci\u00f3n y desarrollo de productos mejorados, generando mayor valor en la cadena productiva acu\u00edcola pesquera.<\/p>\n<p>Las estrategias de gesti\u00f3n y apoyo a la acuicultura abordan temas relacionados a selecci\u00f3n gen\u00e9tica, bioseguridad, control de enfermedades y desarrollo comercial. Reconocemos la capacidad de la acuicultura para un mayor crecimiento econ\u00f3mico y los desaf\u00edos para la sostenibilidad en el tiempo con el adecuado manejo de los recursos naturales, en este caso agua.<\/p>\n<p>Per\u00fa y Ecuador fortalecen sus relaciones bilaterales, con esta feria se demuestra que se puede trabajar de manera articulada en favor de las zonas fronterizas.<\/p>\n<p>Fuente: sinrodeoscajamarca.com<\/p>\n<p>&nbsp;<\/p>\n","protected":false},"excerpt":{"rendered":"<p>Gobernador Roger Guevara inaugur\u00f3 feria binacional en Puente Internacional de La Balsa. Hoy, el\u00a0puente internacional La Balsa\u00a0(provincia San Ignacio) se convirti\u00f3 en el escenario de la expoferia acu\u00edcola binacional Per\u00fa \u2013 Ecuador, que este 2023 celebra su sexta edici\u00f3n. Con ello, el Gobierno Regional Cajamarca promueve el dinamismo y diversificaci\u00f3n de la matriz comercial y [&hellip;]<\/p>\n","protected":false},"author":2,"featured_media":27741,"comment_status":"open","ping_status":"open","sticky":false,"template":"","format":"standard","meta":{"footnotes":""},"categories":[63],"tags":[],"class_list":["post-27740","post","type-post","status-publish","format-standard","has-post-thumbnail","hentry","category-noticias"],"_links":{"self":[{"href":"http:\/\/www.perupesquero.org\/web\/wp-json\/wp\/v2\/posts\/27740","targetHints":{"allow":["GET"]}}],"collection":[{"href":"http:\/\/www.perupesquero.org\/web\/wp-json\/wp\/v2\/posts"}],"about":[{"href":"http:\/\/www.perupesquero.org\/web\/wp-json\/wp\/v2\/types\/post"}],"author":[{"embeddable":true,"href":"http:\/\/www.perupesquero.org\/web\/wp-json\/wp\/v2\/users\/2"}],"replies":[{"embeddable":true,"href":"http:\/\/www.perupesquero.org\/web\/wp-json\/wp\/v2\/comments?post=27740"}],"version-history":[{"count":1,"href":"http:\/\/www.perupesquero.org\/web\/wp-json\/wp\/v2\/posts\/27740\/revisions"}],"predecessor-version":[{"id":27742,"href":"http:\/\/www.perupesquero.org\/web\/wp-json\/wp\/v2\/posts\/27740\/revisions\/27742"}],"wp:featuredmedia":[{"embeddable":true,"href":"http:\/\/www.perupesquero.org\/web\/wp-json\/wp\/v2\/media\/27741"}],"wp:attachment":[{"href":"http:\/\/www.perupesquero.org\/web\/wp-json\/wp\/v2\/media?parent=27740"}],"wp:term":[{"taxonomy":"category","embeddable":true,"href":"http:\/\/www.perupesquero.org\/web\/wp-json\/wp\/v2\/categories?post=27740"},{"taxonomy":"post_tag","embeddable":true,"href":"http:\/\/www.perupesquero.org\/web\/wp-json\/wp\/v2\/tags?post=27740"}],"curies":[{"name":"wp","href":"https:\/\/api.w.org\/{rel}","templated":true}]}}