{"id":27737,"date":"2023-08-30T12:00:18","date_gmt":"2023-08-30T17:00:18","guid":{"rendered":"http:\/\/www.perupesquero.org\/web\/?p=27737"},"modified":"2023-08-30T12:00:18","modified_gmt":"2023-08-30T17:00:18","slug":"espana-ibiza-incorpora-un-dron-para-vigilar-la-captura-del-recurso-raor","status":"publish","type":"post","link":"http:\/\/www.perupesquero.org\/web\/espana-ibiza-incorpora-un-dron-para-vigilar-la-captura-del-recurso-raor\/","title":{"rendered":"Espa\u00f1a: Ibiza incorpora un dron para vigilar la captura del recurso raor"},"content":{"rendered":"<p>Este viernes 1 de septiembre se levanta la veda de la pesca del raor hasta el pr\u00f3ximo 31 de marzo, y el servicio de Pesca del Consell Insular de Ibiza recuerda a todas las personas que salgan a partir de ese d\u00eda a pescarlo, que existen una serie de restricciones en el n\u00famero de capturas por persona y d\u00eda. As\u00ed, en pesca recreativa se pueden pescar 50 raors por persona y d\u00eda con un m\u00e1ximo de 300 raors por embarcaci\u00f3n. Tambi\u00e9n se recuerda que hasta el 1 de octubre no se pueden capturar ejemplares de menos de 30 cm en torno a las islas de Ibiza y Formentera.<\/p>\n<p>El Servicio de Pesca del Consell realiza este a\u00f1o las tareas de vigilancia del litoral de la isla con la nueva embarcaci\u00f3n de control pesquero &#8216;Artet&#8217; estrenada a finales de 2022 y con el uso de medios a\u00e9reos como es el nuevo dron empleado por los inspectores.<\/p>\n<p>Tambi\u00e9n a partir del 1 de septiembre el Servicio de Pesca recoger\u00e1 datos sobre el estado de las diferentes zonas de pesca del raor en torno a la isla en colaboraci\u00f3n con pescadores recreativos voluntarios, lo que permitir\u00e1 tener una visi\u00f3n global de todo el litoral grab\u00e1ndose datos como rendimientos pesqueros, tama\u00f1o de las capturas y sexo. Adem\u00e1s, en colaboraci\u00f3n con otras administraciones y centros de investigaci\u00f3n, se tomar\u00e1n datos sobre la incidencia del par\u00e1sito Scaphanocephalus sp. que provoca la aparici\u00f3n de puntos blancos o negros sobre su piel.<\/p>\n<p>Se recuerda la obligatoriedad de declaraci\u00f3n de capturas en la reserva de Es Freus de Ibiza y Formentera y en Tagomago, un tr\u00e1mite que se puede realizar a trav\u00e9s de la aplicaci\u00f3n m\u00f3vil Diario de Pesca Recreativa (DPR).<\/p>\n<p>Adem\u00e1s, desde el servicio de Pesca del Consell se recomienda a todos los usuarios que lleven su licencia de pesca recreativa al d\u00eda y se recuerda que el per\u00edodo para poder capturarlos. Se pide prudencia en los primeros d\u00edas de levantamiento de la veda para evitar aglomeraciones de embarcaciones. Se recomienda siempre estar pendientes el d\u00eda antes de salir a pescar del pron\u00f3stico del tiempo para organizarse.<\/p>\n<p>Fuente: cadenaser.com<\/p>\n<p>&nbsp;<\/p>\n","protected":false},"excerpt":{"rendered":"<p>Este viernes 1 de septiembre se levanta la veda de la pesca del raor hasta el pr\u00f3ximo 31 de marzo, y el servicio de Pesca del Consell Insular de Ibiza recuerda a todas las personas que salgan a partir de ese d\u00eda a pescarlo, que existen una serie de restricciones en el n\u00famero de capturas [&hellip;]<\/p>\n","protected":false},"author":2,"featured_media":27738,"comment_status":"open","ping_status":"open","sticky":false,"template":"","format":"standard","meta":{"footnotes":""},"categories":[63],"tags":[],"class_list":["post-27737","post","type-post","status-publish","format-standard","has-post-thumbnail","hentry","category-noticias"],"_links":{"self":[{"href":"http:\/\/www.perupesquero.org\/web\/wp-json\/wp\/v2\/posts\/27737","targetHints":{"allow":["GET"]}}],"collection":[{"href":"http:\/\/www.perupesquero.org\/web\/wp-json\/wp\/v2\/posts"}],"about":[{"href":"http:\/\/www.perupesquero.org\/web\/wp-json\/wp\/v2\/types\/post"}],"author":[{"embeddable":true,"href":"http:\/\/www.perupesquero.org\/web\/wp-json\/wp\/v2\/users\/2"}],"replies":[{"embeddable":true,"href":"http:\/\/www.perupesquero.org\/web\/wp-json\/wp\/v2\/comments?post=27737"}],"version-history":[{"count":1,"href":"http:\/\/www.perupesquero.org\/web\/wp-json\/wp\/v2\/posts\/27737\/revisions"}],"predecessor-version":[{"id":27739,"href":"http:\/\/www.perupesquero.org\/web\/wp-json\/wp\/v2\/posts\/27737\/revisions\/27739"}],"wp:featuredmedia":[{"embeddable":true,"href":"http:\/\/www.perupesquero.org\/web\/wp-json\/wp\/v2\/media\/27738"}],"wp:attachment":[{"href":"http:\/\/www.perupesquero.org\/web\/wp-json\/wp\/v2\/media?parent=27737"}],"wp:term":[{"taxonomy":"category","embeddable":true,"href":"http:\/\/www.perupesquero.org\/web\/wp-json\/wp\/v2\/categories?post=27737"},{"taxonomy":"post_tag","embeddable":true,"href":"http:\/\/www.perupesquero.org\/web\/wp-json\/wp\/v2\/tags?post=27737"}],"curies":[{"name":"wp","href":"https:\/\/api.w.org\/{rel}","templated":true}]}}