{"id":27677,"date":"2023-08-21T20:51:43","date_gmt":"2023-08-22T01:51:43","guid":{"rendered":"http:\/\/www.perupesquero.org\/web\/?p=27677"},"modified":"2023-08-21T20:51:43","modified_gmt":"2023-08-22T01:51:43","slug":"pescadores-japoneses-rechazan-vertido-de-fukushima-al-oceano-pacifico","status":"publish","type":"post","link":"http:\/\/www.perupesquero.org\/web\/pescadores-japoneses-rechazan-vertido-de-fukushima-al-oceano-pacifico\/","title":{"rendered":"Pescadores japoneses rechazan vertido de Fukushima al oc\u00e9ano Pac\u00edfico"},"content":{"rendered":"<p>La federaci\u00f3n de pescadores de Jap\u00f3n reiter\u00f3 su rechazo al vertido al Pac\u00edfico de agua contaminada y depurada de la central nuclear de Fukushima durante varias reuniones celebradas con el Ejecutivo nip\u00f3n, que tiene previsto decidir la fecha exacta para esa controvertida medida en los pr\u00f3ximos d\u00edas.<\/p>\n<p>Los pescadores de la prefectura de Fukushima (noreste) y sus colegas del resto del archipi\u00e9lago nip\u00f3n vienen mostrando su oposici\u00f3n al vertido desde que el Ejecutivo se decant\u00f3 por esta opci\u00f3n para deshacerse de las toneladas de agua contaminada que se acumulan en la planta, tras procesarla para retirarle la mayor parte de los is\u00f3topos radiactivos.<\/p>\n<p>El presidente de la Federaci\u00f3n de Asociaciones Cooperativas de Pesca de Jap\u00f3n, Masanobu Sakamoto, expres\u00f3 el rechazo en nombre de los profesionales de la industria en las reuniones celebradas este lunes con el primer ministro nip\u00f3n, Fumio Kishida, y con el ministro de Econom\u00eda, Comercio e Industria, Yasutoshi Nishumura.<\/p>\n<p>&#8220;Mantenemos de forma tajante nuestra postura en contra del vertido del agua tratada&#8221;, dijo Sakamoto en declaraciones a los medios tras la reuni\u00f3n con Nishimura, en las que no obstante se\u00f1al\u00f3 que &#8220;se est\u00e1 avanzando en la comprensi\u00f3n de la seguridad de la medida&#8221; tras el informe publicado el mes pasado por la Organizaci\u00f3n Internacional de la Energ\u00eda At\u00f3mica (OIEA).<\/p>\n<p>La OIEA public\u00f3 un informe el mes pasado en el que afirmaba que los planes para el vertido desde la central de Fuksuhima Daiichi cumpl\u00edan los est\u00e1ndares internacionales de seguridad nuclear y que por tanto no presentaban en principio ning\u00fan riesgo significativo para la salud humana ni para el medio ambiente.<\/p>\n<p>El representante de la asociaci\u00f3n de pescadores tambi\u00e9n traslad\u00f3 al Ejecutivo nip\u00f3n su &#8220;gran preocupaci\u00f3n&#8221; por la previsi\u00f3n de que el vertido se prolongue varias d\u00e9cadas, en paralelo al largo y complejo proceso de desmantelamiento de la central accidentada durante el terremoto y el tsunami de 2011.<\/p>\n<p>&#8220;Nuestro \u00fanico deseo es poder trabajar en paz&#8221;, se\u00f1al\u00f3 Sakamoto. La industria pesquera de Fukushima a\u00fan se ve lastrada por las consecuencias de la crisis nuclear de 2011, y teme que el vertido suponga un nuevo golpe a la reputaci\u00f3n de sus capturas, que llevan m\u00e1s de una d\u00e9cada tratando de reparar.<\/p>\n<p>El primer ministro nip\u00f3n, por su parte, se\u00f1al\u00f3 que el Gobierno &#8220;se toma muy en serio el deseo de los pescadores de continuar trabajando como antes&#8221;, y prometi\u00f3 llevar a cabo el vertido &#8220;de forma segura&#8221; e incluso &#8220;si lleva varias d\u00e9cadas&#8221;.<\/p>\n<p>El Ejecutivo de Kishida ha presupuestado unos 80.000 millones de yenes (unos 500 millones de euros) para compensar a los pescadores ante &#8220;da\u00f1os en su reputaci\u00f3n&#8221; y para apoyar a esta industria tras la descarga al Pac\u00edfico.<\/p>\n<p>El Gobierno celebrar\u00e1 una reuni\u00f3n este martes en la que se podr\u00eda decidir la fecha exacta para iniciar el vertido de las m\u00e1s de 1,34 millones de toneladas de agua contaminada y tratada que se almacenan en las instalaciones nucleares, en las que se agota el espacio.<\/p>\n<p>El l\u00edquido procesado y diluido en agua marina antes de su vertido al mar contendr\u00e1 bajas cantidades de tritio, un is\u00f3topo radiactivo, as\u00ed como otros residuos de materiales radiactivos en concentraciones considerados inocuas dentro de los l\u00edmites internacionales de seguridad para la industria nuclear, seg\u00fan el OIEA.<\/p>\n<p>Fuente: EFE<\/p>\n","protected":false},"excerpt":{"rendered":"<p>La federaci\u00f3n de pescadores de Jap\u00f3n reiter\u00f3 su rechazo al vertido al Pac\u00edfico de agua contaminada y depurada de la central nuclear de Fukushima durante varias reuniones celebradas con el Ejecutivo nip\u00f3n, que tiene previsto decidir la fecha exacta para esa controvertida medida en los pr\u00f3ximos d\u00edas. Los pescadores de la prefectura de Fukushima (noreste) [&hellip;]<\/p>\n","protected":false},"author":2,"featured_media":27678,"comment_status":"open","ping_status":"open","sticky":false,"template":"","format":"standard","meta":{"footnotes":""},"categories":[63],"tags":[],"class_list":["post-27677","post","type-post","status-publish","format-standard","has-post-thumbnail","hentry","category-noticias"],"_links":{"self":[{"href":"http:\/\/www.perupesquero.org\/web\/wp-json\/wp\/v2\/posts\/27677","targetHints":{"allow":["GET"]}}],"collection":[{"href":"http:\/\/www.perupesquero.org\/web\/wp-json\/wp\/v2\/posts"}],"about":[{"href":"http:\/\/www.perupesquero.org\/web\/wp-json\/wp\/v2\/types\/post"}],"author":[{"embeddable":true,"href":"http:\/\/www.perupesquero.org\/web\/wp-json\/wp\/v2\/users\/2"}],"replies":[{"embeddable":true,"href":"http:\/\/www.perupesquero.org\/web\/wp-json\/wp\/v2\/comments?post=27677"}],"version-history":[{"count":1,"href":"http:\/\/www.perupesquero.org\/web\/wp-json\/wp\/v2\/posts\/27677\/revisions"}],"predecessor-version":[{"id":27679,"href":"http:\/\/www.perupesquero.org\/web\/wp-json\/wp\/v2\/posts\/27677\/revisions\/27679"}],"wp:featuredmedia":[{"embeddable":true,"href":"http:\/\/www.perupesquero.org\/web\/wp-json\/wp\/v2\/media\/27678"}],"wp:attachment":[{"href":"http:\/\/www.perupesquero.org\/web\/wp-json\/wp\/v2\/media?parent=27677"}],"wp:term":[{"taxonomy":"category","embeddable":true,"href":"http:\/\/www.perupesquero.org\/web\/wp-json\/wp\/v2\/categories?post=27677"},{"taxonomy":"post_tag","embeddable":true,"href":"http:\/\/www.perupesquero.org\/web\/wp-json\/wp\/v2\/tags?post=27677"}],"curies":[{"name":"wp","href":"https:\/\/api.w.org\/{rel}","templated":true}]}}