{"id":27666,"date":"2023-08-19T17:55:32","date_gmt":"2023-08-19T22:55:32","guid":{"rendered":"http:\/\/www.perupesquero.org\/web\/?p=27666"},"modified":"2023-08-19T17:56:37","modified_gmt":"2023-08-19T22:56:37","slug":"pesca-cayo-689-en-junio-siendo-la-mas-golpeada-por-crisis","status":"publish","type":"post","link":"http:\/\/www.perupesquero.org\/web\/pesca-cayo-689-en-junio-siendo-la-mas-golpeada-por-crisis\/","title":{"rendered":"Pesca cay\u00f3 68,9% en junio siendo la m\u00e1s golpeada por crisis"},"content":{"rendered":"<p>La econom\u00eda del Per\u00fa todav\u00eda no se recupera de los conflictos sociales y las consecuencias de las lluvias por el cicl\u00f3n Yaku y el Fen\u00f3meno el Ni\u00f1o; por ello, en junio volvi\u00f3 a caer 0,56%.<\/p>\n<p>Con esta cifra, el pa\u00eds acumula su segundo mes consecutivo en rojo y un crecimiento de -0,45% en los primeros seis meses del a\u00f1o, seg\u00fan datos delInstituto Nacional de Estad\u00edstica e Inform\u00e1tica (INEI).<\/p>\n<p>Este indicador confirma lo anunciado por el\u00a0Ministerio de Econom\u00eda y Finanzas (MEF),\u00a0que esperaba una ca\u00edda de hasta 1% en junio y una recuperaci\u00f3n reci\u00e9n a partir de julio.<\/p>\n<p>La pesca fue el sector m\u00e1s golpeado con una ca\u00edda de 68,9% en junio\u00a0a causa de unareducci\u00f3n del 95,52%en la extracci\u00f3n de\u00a0anchoveta, por factores clim\u00e1ticos.<\/p>\n<p>La producci\u00f3n en la manufactura cay\u00f3 14,64% en junio, por\u00a0la menor actividad del subsector fabril primario que incluye elaboraci\u00f3n y conservaci\u00f3n de pescado, elaboraci\u00f3n de az\u00facar, etc.<strong>,\u00a0<\/strong>y el subsector fabril no primario que abarca la confecci\u00f3n de prendas de vestir, elaboraci\u00f3n de muebles, entre otros.<\/p>\n<p>En cuanto al sector agropecuario, que incluye la producci\u00f3n de alimentos agr\u00edcolas y pecuarios registr\u00f3 un descenso de 1,45% en junio y acumula una ca\u00edda de 3,37% el primer semestre del 2023.<\/p>\n<p>Se registr\u00f3 una ca\u00edda en la producci\u00f3n dearroz c\u00e1scara en -22,50%, aceituna -8,52%, cacao -9,04%, caf\u00e9 -1,87%, naranja -20,03%, or\u00e9gano -55,75%, ca\u00f1a de az\u00facar -6,84% y pecana -4,89%.<\/p>\n<p>INEI explic\u00f3 que hubo una menor superficie cosechada debido a los\u00a0factores clim\u00e1ticos por el Ni\u00f1o costero intensificando las temperaturas c\u00e1lidas en el norte y fr\u00edas en el sur<strong>.\u00a0<\/strong>En tanto, en la Amazon\u00eda se report\u00f3 el s\u00e9ptimo friaje del a\u00f1o.<\/p>\n<p>Otro sector que cay\u00f3 en junio fue el de Construcci\u00f3n, que retrocedi\u00f3 4,12% por el menor consumo interno de cemento asociado a la desaceleraci\u00f3n de proyectos de obras privadas y de autoconstrucci\u00f3n.<\/p>\n<p>Fuente: Diario El Tiempo de Piura<\/p>\n","protected":false},"excerpt":{"rendered":"<p>La econom\u00eda del Per\u00fa todav\u00eda no se recupera de los conflictos sociales y las consecuencias de las lluvias por el cicl\u00f3n Yaku y el Fen\u00f3meno el Ni\u00f1o; por ello, en junio volvi\u00f3 a caer 0,56%. Con esta cifra, el pa\u00eds acumula su segundo mes consecutivo en rojo y un crecimiento de -0,45% en los primeros [&hellip;]<\/p>\n","protected":false},"author":2,"featured_media":26963,"comment_status":"open","ping_status":"open","sticky":false,"template":"","format":"standard","meta":{"footnotes":""},"categories":[63],"tags":[],"class_list":["post-27666","post","type-post","status-publish","format-standard","has-post-thumbnail","hentry","category-noticias"],"_links":{"self":[{"href":"http:\/\/www.perupesquero.org\/web\/wp-json\/wp\/v2\/posts\/27666","targetHints":{"allow":["GET"]}}],"collection":[{"href":"http:\/\/www.perupesquero.org\/web\/wp-json\/wp\/v2\/posts"}],"about":[{"href":"http:\/\/www.perupesquero.org\/web\/wp-json\/wp\/v2\/types\/post"}],"author":[{"embeddable":true,"href":"http:\/\/www.perupesquero.org\/web\/wp-json\/wp\/v2\/users\/2"}],"replies":[{"embeddable":true,"href":"http:\/\/www.perupesquero.org\/web\/wp-json\/wp\/v2\/comments?post=27666"}],"version-history":[{"count":2,"href":"http:\/\/www.perupesquero.org\/web\/wp-json\/wp\/v2\/posts\/27666\/revisions"}],"predecessor-version":[{"id":27668,"href":"http:\/\/www.perupesquero.org\/web\/wp-json\/wp\/v2\/posts\/27666\/revisions\/27668"}],"wp:featuredmedia":[{"embeddable":true,"href":"http:\/\/www.perupesquero.org\/web\/wp-json\/wp\/v2\/media\/26963"}],"wp:attachment":[{"href":"http:\/\/www.perupesquero.org\/web\/wp-json\/wp\/v2\/media?parent=27666"}],"wp:term":[{"taxonomy":"category","embeddable":true,"href":"http:\/\/www.perupesquero.org\/web\/wp-json\/wp\/v2\/categories?post=27666"},{"taxonomy":"post_tag","embeddable":true,"href":"http:\/\/www.perupesquero.org\/web\/wp-json\/wp\/v2\/tags?post=27666"}],"curies":[{"name":"wp","href":"https:\/\/api.w.org\/{rel}","templated":true}]}}