{"id":27658,"date":"2023-08-19T16:24:01","date_gmt":"2023-08-19T21:24:01","guid":{"rendered":"http:\/\/www.perupesquero.org\/web\/?p=27658"},"modified":"2023-08-19T17:01:33","modified_gmt":"2023-08-19T22:01:33","slug":"anchoveta-en-su-pico-alto-desove-pescadores-del-norte-peruano-piden-veda-nacional","status":"publish","type":"post","link":"http:\/\/www.perupesquero.org\/web\/anchoveta-en-su-pico-alto-desove-pescadores-del-norte-peruano-piden-veda-nacional\/","title":{"rendered":"\u201cAnchoveta en su pico alto de desove\u201d: Pescadores del norte peruano piden veda nacional"},"content":{"rendered":"<p>Los pescadores y armadores de la Ley 26920 de la regi\u00f3n de Piura, a trav\u00e9s de un pronunciamiento p\u00fablico, exigieron al Ministerio de la Producci\u00f3n, Produce, declarar la veda nacional para la anchoveta por encontrarse en su pico m\u00e1s alto de desove y por presentar incidencia de juveniles.<\/p>\n<p>De esta manera Peru ANAP 26920, escribi\u00f3 en su p\u00e1gina de Facebook , que las embarcaciones de menor escala y artesanales est\u00e1n extrayendo anchoveta en talla juvenil, supuestamente para el abastecimiento de la producci\u00f3n de conservas; sin embargo, estas capturas terminan en Ecuador en la producci\u00f3n de harina y aceite de pescado. Esto sucede porque no hay control menos fiscalizaci\u00f3n, sostienen.<\/p>\n<p>Asimismo, llamaron la atenci\u00f3n del ministro de la Producci\u00f3n, Ra\u00fal P\u00e9rez Reyes, a tomar cartas en el asunto, sobre todo porque existe informaci\u00f3n de Imarpe, ente cient\u00edfico que recomienda el cuidado y la preservaci\u00f3n del recurso bandera, anchoveta.<\/p>\n<p>Anchoveta termina en los \u201cfogones\u201d ecuatorianos<\/p>\n<p>Los actores de la pesca peruana, insisten que en forma ilegal se viene trasladando anchoveta peladilla y en desove desde Piura a Ecuador, por lo que, exigen la declaratoria de la veda en todo el litoral, de lo contrario iniciar\u00edan marchas y paros, con la finalidad de que el gobierno de Dina Boluarte los escuche.<\/p>\n","protected":false},"excerpt":{"rendered":"<p>Los pescadores y armadores de la Ley 26920 de la regi\u00f3n de Piura, a trav\u00e9s de un pronunciamiento p\u00fablico, exigieron al Ministerio de la Producci\u00f3n, Produce, declarar la veda nacional para la anchoveta por encontrarse en su pico m\u00e1s alto de desove y por presentar incidencia de juveniles. De esta manera Peru ANAP 26920, escribi\u00f3 [&hellip;]<\/p>\n","protected":false},"author":2,"featured_media":27659,"comment_status":"open","ping_status":"open","sticky":false,"template":"","format":"standard","meta":{"footnotes":""},"categories":[63],"tags":[],"class_list":["post-27658","post","type-post","status-publish","format-standard","has-post-thumbnail","hentry","category-noticias"],"_links":{"self":[{"href":"http:\/\/www.perupesquero.org\/web\/wp-json\/wp\/v2\/posts\/27658","targetHints":{"allow":["GET"]}}],"collection":[{"href":"http:\/\/www.perupesquero.org\/web\/wp-json\/wp\/v2\/posts"}],"about":[{"href":"http:\/\/www.perupesquero.org\/web\/wp-json\/wp\/v2\/types\/post"}],"author":[{"embeddable":true,"href":"http:\/\/www.perupesquero.org\/web\/wp-json\/wp\/v2\/users\/2"}],"replies":[{"embeddable":true,"href":"http:\/\/www.perupesquero.org\/web\/wp-json\/wp\/v2\/comments?post=27658"}],"version-history":[{"count":4,"href":"http:\/\/www.perupesquero.org\/web\/wp-json\/wp\/v2\/posts\/27658\/revisions"}],"predecessor-version":[{"id":27663,"href":"http:\/\/www.perupesquero.org\/web\/wp-json\/wp\/v2\/posts\/27658\/revisions\/27663"}],"wp:featuredmedia":[{"embeddable":true,"href":"http:\/\/www.perupesquero.org\/web\/wp-json\/wp\/v2\/media\/27659"}],"wp:attachment":[{"href":"http:\/\/www.perupesquero.org\/web\/wp-json\/wp\/v2\/media?parent=27658"}],"wp:term":[{"taxonomy":"category","embeddable":true,"href":"http:\/\/www.perupesquero.org\/web\/wp-json\/wp\/v2\/categories?post=27658"},{"taxonomy":"post_tag","embeddable":true,"href":"http:\/\/www.perupesquero.org\/web\/wp-json\/wp\/v2\/tags?post=27658"}],"curies":[{"name":"wp","href":"https:\/\/api.w.org\/{rel}","templated":true}]}}