{"id":27644,"date":"2023-08-17T11:33:38","date_gmt":"2023-08-17T16:33:38","guid":{"rendered":"http:\/\/www.perupesquero.org\/web\/?p=27644"},"modified":"2023-08-17T11:33:38","modified_gmt":"2023-08-17T16:33:38","slug":"avistan-ballena-blanca-en-los-organos","status":"publish","type":"post","link":"http:\/\/www.perupesquero.org\/web\/avistan-ballena-blanca-en-los-organos\/","title":{"rendered":"Avistan ballena blanca en Los \u00d3rganos"},"content":{"rendered":"<p>El equipo de Pac\u00edfico Adventures logr\u00f3 registrar un emoci\u00f3nate espect\u00e1culo marino. Se trata del avistamiento de una ballena de color blanco, emergiendo majestuosamente de las aguas cercanas a la costa de Piura, a la altura del distrito de Los \u00d3rganos.<\/p>\n<p>Para este organismo, la ballena que ha sido bautizada como &#8220;Glaciar&#8221;, marca la primera vez que se documenta un esp\u00e9cimen de estas caracter\u00edsticas en el mar peruano. El hecho ha despertado el inter\u00e9s de expertos e investigadores de la vida marina.<\/p>\n<p>Es importante anotar, que si bien, no existe documentaci\u00f3n fotogr\u00e1fica que, en otras oportunidades, ejemplares de ballenas blancas hayan ingresado al mar peruano, principalmente en la zona norte\u00f1a. Por versiones de antiguos pescadores artesanales se sabe que ballenas de iguales caracter\u00edsticas, ingresaron al mar de Grau, pero acompa\u00f1adas de su ballenato.<\/p>\n<p>Para los antiguos pescadores artesanales, el solo hecho de ver una ballena blanca, constituye el preludio de bonanzas y abundancia de peces para el mar peruano, as\u00ed tambi\u00e9n que el avistamiento de una legendaria <strong><em>Moby Dick<\/em><\/strong> encierra el enigma de la expresi\u00f3n divina de la naturaleza.<\/p>\n<p>&nbsp;<\/p>\n","protected":false},"excerpt":{"rendered":"<p>El equipo de Pac\u00edfico Adventures logr\u00f3 registrar un emoci\u00f3nate espect\u00e1culo marino. Se trata del avistamiento de una ballena de color blanco, emergiendo majestuosamente de las aguas cercanas a la costa de Piura, a la altura del distrito de Los \u00d3rganos. Para este organismo, la ballena que ha sido bautizada como &#8220;Glaciar&#8221;, marca la primera vez [&hellip;]<\/p>\n","protected":false},"author":2,"featured_media":27645,"comment_status":"open","ping_status":"open","sticky":false,"template":"","format":"standard","meta":{"footnotes":""},"categories":[63],"tags":[],"class_list":["post-27644","post","type-post","status-publish","format-standard","has-post-thumbnail","hentry","category-noticias"],"_links":{"self":[{"href":"http:\/\/www.perupesquero.org\/web\/wp-json\/wp\/v2\/posts\/27644","targetHints":{"allow":["GET"]}}],"collection":[{"href":"http:\/\/www.perupesquero.org\/web\/wp-json\/wp\/v2\/posts"}],"about":[{"href":"http:\/\/www.perupesquero.org\/web\/wp-json\/wp\/v2\/types\/post"}],"author":[{"embeddable":true,"href":"http:\/\/www.perupesquero.org\/web\/wp-json\/wp\/v2\/users\/2"}],"replies":[{"embeddable":true,"href":"http:\/\/www.perupesquero.org\/web\/wp-json\/wp\/v2\/comments?post=27644"}],"version-history":[{"count":1,"href":"http:\/\/www.perupesquero.org\/web\/wp-json\/wp\/v2\/posts\/27644\/revisions"}],"predecessor-version":[{"id":27646,"href":"http:\/\/www.perupesquero.org\/web\/wp-json\/wp\/v2\/posts\/27644\/revisions\/27646"}],"wp:featuredmedia":[{"embeddable":true,"href":"http:\/\/www.perupesquero.org\/web\/wp-json\/wp\/v2\/media\/27645"}],"wp:attachment":[{"href":"http:\/\/www.perupesquero.org\/web\/wp-json\/wp\/v2\/media?parent=27644"}],"wp:term":[{"taxonomy":"category","embeddable":true,"href":"http:\/\/www.perupesquero.org\/web\/wp-json\/wp\/v2\/categories?post=27644"},{"taxonomy":"post_tag","embeddable":true,"href":"http:\/\/www.perupesquero.org\/web\/wp-json\/wp\/v2\/tags?post=27644"}],"curies":[{"name":"wp","href":"https:\/\/api.w.org\/{rel}","templated":true}]}}