{"id":27623,"date":"2023-08-12T17:12:34","date_gmt":"2023-08-12T22:12:34","guid":{"rendered":"http:\/\/www.perupesquero.org\/web\/?p=27623"},"modified":"2023-08-12T17:12:34","modified_gmt":"2023-08-12T22:12:34","slug":"con-aprobacion-record-de-resoluciones-culmino-la-101-reunion-anual-de-la-comision-interamericana-del-atun-tropical-ciat","status":"publish","type":"post","link":"http:\/\/www.perupesquero.org\/web\/con-aprobacion-record-de-resoluciones-culmino-la-101-reunion-anual-de-la-comision-interamericana-del-atun-tropical-ciat\/","title":{"rendered":"Con aprobaci\u00f3n r\u00e9cord de resoluciones culmin\u00f3 la 101 reuni\u00f3n anual de la Comisi\u00f3n Interamericana del At\u00fan Tropical (CIAT)"},"content":{"rendered":"<p><strong><em>La cita y reuni\u00f3n de grupos de trabajo se realizaron en la ciudad de Victoria, BC, Canad\u00e1 entre el 31 de julio y 11 de agosto.<\/em><\/strong><\/p>\n<p>La 101 reuni\u00f3n anual de la Comisi\u00f3n Interamericana del At\u00fan Tropical (CIAT) concluy\u00f3 exitosamente con la aprobaci\u00f3n r\u00e9cord de resoluciones que incluyen decisiones sobre plantados no enmallantes, recuperaci\u00f3n de plantados, tiburones, reglas de control de extracci\u00f3n, at\u00fan aleta azul, albacora del norte, albacora del sur y sistema de seguimiento de buques.<\/p>\n<p>En la cita anual que fue encabezada por Alfonso Miranda Eyzaguirre, se aprob\u00f3 por primera vez en la historia de la organizaci\u00f3n, una serie de resoluciones sobre investigaci\u00f3n del dorado o perico y una sobre el cambio clim\u00e1tico.<\/p>\n<p>\u201cLos asistentes coincidieron en resaltar la gran productividad de la reuni\u00f3n y el orden en el que se desarroll\u00f3 todo el evento\u201d, indic\u00f3.<\/p>\n<p>Miranda Eyzaguirre se\u00f1al\u00f3 que la CIAT es una s\u00f3lida instituci\u00f3n con 74 a\u00f1os de existencia y que se ha consolidado como un faro y s\u00edmbolo de la pesca sostenible en el planeta.<\/p>\n<p>\u201cPodemos estar orgullosos de haberlo conseguido, de haber avanzado notablemente en los \u00faltimos a\u00f1os, a pesar de las adversidades y retos que nos trajo la pandemia del COVID-19. Acabamos de aprobar medidas trascendentes y tenemos el desaf\u00edo de ejecutarlas adecuadamente y monitorear su cumplimiento\u201d, agreg\u00f3.<\/p>\n<p>En paralelo a la cita anual, se desarrollaron sesiones del grupo de trabajo para la promoci\u00f3n y divulgaci\u00f3n del sistema de certificaci\u00f3n DOLPHIN SAFE; y del grupo de trabajo permanente sobre el seguimiento del at\u00fan.<\/p>\n<p>Tambi\u00e9n se realiz\u00f3 la reuni\u00f3n de las partes del Acuerdo sobre el Programa de Protecci\u00f3n de los Delfines (APICD) y del Comit\u00e9 de Administraci\u00f3n y Finanzas, as\u00ed como del Comit\u00e9 de Revisi\u00f3n de las medidas adoptadas por la Comisi\u00f3n y del Grupo de Trabajo Permanente sobre Capacidad de la Flota.<\/p>\n<p>En las reuniones de trabajo, presididas por Miranda Eyzaguirre, participaron tambi\u00e9n un nutrido grupo de observadores en las que se incluyen Organismos No Gubernamentales ambientalistas o de la industria pesquera del at\u00fan, as\u00ed como del campo de la ciencia y la investigaci\u00f3n marina y ambiental.<\/p>\n<p>Cabe indicar que la CIAT est\u00e1 compuesta por 21 miembros y 5 no miembros cooperantes.<\/p>\n<p>Al finalizar la reuni\u00f3n anual, los delegados eligieron a las nuevas autoridades de la CIAT, recayendo la presidencia en el ecuatoriano Andr\u00e9s Arenas y la vicepresidencia en el delegado de Nicaragua, Julio Guevara.<\/p>\n<p>Datos<\/p>\n<p>&#8211;\u00a0\u00a0\u00a0\u00a0\u00a0\u00a0 Alfonso Miranda Eyzaguirre fue elegido presidente de la CIAT en la reuni\u00f3n anual de Bilbao (Espa\u00f1a) en el 2019 y reelegido sucesivamente en tres ocasiones.<\/p>\n<p>&#8211;\u00a0\u00a0\u00a0\u00a0\u00a0\u00a0 La delegaci\u00f3n peruana que asisti\u00f3 a la cita de la CIAT estuvo conformada por la viceministra de Pesca y Acuicultura, \u00darsula Le\u00f3n Chemp\u00e9n; la bi\u00f3loga, Ana Alegre Norza; as\u00ed como Pablo Nieto y Jorge Rissi.<\/p>\n<p>Victoria, BC (Canad\u00e1), 12 de agosto de 2023<\/p>\n","protected":false},"excerpt":{"rendered":"<p>La cita y reuni\u00f3n de grupos de trabajo se realizaron en la ciudad de Victoria, BC, Canad\u00e1 entre el 31 de julio y 11 de agosto. La 101 reuni\u00f3n anual de la Comisi\u00f3n Interamericana del At\u00fan Tropical (CIAT) concluy\u00f3 exitosamente con la aprobaci\u00f3n r\u00e9cord de resoluciones que incluyen decisiones sobre plantados no enmallantes, recuperaci\u00f3n de [&hellip;]<\/p>\n","protected":false},"author":2,"featured_media":27624,"comment_status":"open","ping_status":"open","sticky":false,"template":"","format":"standard","meta":{"footnotes":""},"categories":[63],"tags":[],"class_list":["post-27623","post","type-post","status-publish","format-standard","has-post-thumbnail","hentry","category-noticias"],"_links":{"self":[{"href":"http:\/\/www.perupesquero.org\/web\/wp-json\/wp\/v2\/posts\/27623","targetHints":{"allow":["GET"]}}],"collection":[{"href":"http:\/\/www.perupesquero.org\/web\/wp-json\/wp\/v2\/posts"}],"about":[{"href":"http:\/\/www.perupesquero.org\/web\/wp-json\/wp\/v2\/types\/post"}],"author":[{"embeddable":true,"href":"http:\/\/www.perupesquero.org\/web\/wp-json\/wp\/v2\/users\/2"}],"replies":[{"embeddable":true,"href":"http:\/\/www.perupesquero.org\/web\/wp-json\/wp\/v2\/comments?post=27623"}],"version-history":[{"count":1,"href":"http:\/\/www.perupesquero.org\/web\/wp-json\/wp\/v2\/posts\/27623\/revisions"}],"predecessor-version":[{"id":27625,"href":"http:\/\/www.perupesquero.org\/web\/wp-json\/wp\/v2\/posts\/27623\/revisions\/27625"}],"wp:featuredmedia":[{"embeddable":true,"href":"http:\/\/www.perupesquero.org\/web\/wp-json\/wp\/v2\/media\/27624"}],"wp:attachment":[{"href":"http:\/\/www.perupesquero.org\/web\/wp-json\/wp\/v2\/media?parent=27623"}],"wp:term":[{"taxonomy":"category","embeddable":true,"href":"http:\/\/www.perupesquero.org\/web\/wp-json\/wp\/v2\/categories?post=27623"},{"taxonomy":"post_tag","embeddable":true,"href":"http:\/\/www.perupesquero.org\/web\/wp-json\/wp\/v2\/tags?post=27623"}],"curies":[{"name":"wp","href":"https:\/\/api.w.org\/{rel}","templated":true}]}}