{"id":27620,"date":"2023-08-11T18:23:26","date_gmt":"2023-08-11T23:23:26","guid":{"rendered":"http:\/\/www.perupesquero.org\/web\/?p=27620"},"modified":"2023-08-11T18:30:03","modified_gmt":"2023-08-11T23:30:03","slug":"incapacidad-peru-se-quedo-sin-ampliacion-de-cuotas-de-atun","status":"publish","type":"post","link":"http:\/\/www.perupesquero.org\/web\/incapacidad-peru-se-quedo-sin-ampliacion-de-cuotas-de-atun\/","title":{"rendered":"\u00a1Incapacidad! Per\u00fa se qued\u00f3 sin ampliaci\u00f3n de cuotas de at\u00fan"},"content":{"rendered":"<p>La Ley N\u00ba 30788 que declara de inter\u00e9s nacional el incentivo al desarrollo de la industria atunera y que pudo promover las capturas, producci\u00f3n de alimento y miles de empleos para los peruanos, termino en el gobierno de Dina Boluarte siendo una \u201cbomba de humo\u201d, y es que, la ineficiencia de quienes dirigen los destinos de la pesquer\u00eda nacional le han dado un <em>duro rev\u00e9s, <\/em>originando que Per\u00fa no logr\u00e9 esos 6 mil metros c\u00fabicos de cuotas de at\u00fan pendientes<em>,<\/em> que mantiene la CIAT.<\/p>\n<p>La\u00a0<a href=\"https:\/\/www.iattc.org\/GetAttachment\/6767eb2b-b165-4418-b293-2c4655b2b5dc\/CAP-24-AGN_24a-Reuni%C3%B3n-del-Grupo-de-Trabajo-Permanente-sobre-la-Capacidad-de-la-Flota.pdf\">24a Reuni\u00f3n del Grupo de Trabajo Permanente sobre la Capacidad de la Flota<\/a>, organizada por la CIAT y \u00a0llevada a cabo en Canad\u00e1 del 7 al 11 de agosto del 2023, solo sirvi\u00f3 para reflejar el grado de inexperiencia y la falta de conocimiento de la Viceministra de Pesca y Acuicultura, \u00darsula Desil\u00fa Le\u00f3n Chemp\u00e9n, para reclamar t\u00e9cnicamente la capacidad de acarreo pendiente para operar en el OPO, en beneficio del Per\u00fa.<\/p>\n<p>Pero no solo se trata del fracaso para sostener y defender, lo que le corresponde al Per\u00fa, sino de la negligencia del ministro de la Producci\u00f3n, Ra\u00fal P\u00e9rez Reyes Espejo, que a pesar de conocer que, si no se demostraba la distribuci\u00f3n y la explotaci\u00f3n de las cuotas de at\u00fan, no prosperar\u00eda la solicitud del Estado peruano, porque al momento del debate y la declaraci\u00f3n de capacidad, los pa\u00edses miembros objetar\u00edan, tal y como sucedi\u00f3 este 10 de agosto en Canad\u00e1.<\/p>\n<p>La 24a Reuni\u00f3n del Grupo de Trabajo Permanente de la CIAT, pone sobre la mesa, la usencia de nivel de las autoridades del Ministerio de la Producci\u00f3n para tratar y abordar un tema como es el at\u00fan, frente a organizaciones cient\u00edficas internacionales, que agrupan a pa\u00edses importantes en la captura de tunidos, compra, producci\u00f3n y abastecimiento mundial de productos terminados.<\/p>\n<p>Sin lugar a dudas, los peruanos perdimos m\u00e1s de 5 mil metros c\u00fabicos de at\u00fan. Seguimos perdiendo, porque conociendo el ministro P\u00e9rez Reyes Espejo y la viceministra Le\u00f3n Chemp\u00e9n, que existen 5 mil metros c\u00fabicos de at\u00fan sin explotar, su reacci\u00f3n es tan pasiva, lenta y lesiva, frente a necesidad de alimento y empleo, peor a\u00fan, restando importancia la implementaci\u00f3n de la pol\u00edtica que contribuye al logro de la Seguridad Alimentaria y Nutricional del Per\u00fa, que el gobierno de la presidenta Dina Boluarte, promueve como eje para la inclusi\u00f3n de las poblaciones m\u00e1s vulnerables.<\/p>\n<p>Perdemos, porque con \u201cbombos y platillos\u201d se emiten normas y leyes, supuestamente para promover e incentivar el desarrollo de la industria atunera, que al final solo es una \u201cbomba de humo\u201d o populismo, mientras que otros pa\u00edses nos llevan la delantera en el desarrollo econ\u00f3mico, utilizando el recurso del at\u00fan.\u00a0 No hay duda, &#8220;el <em>Per\u00fa<\/em>\u00a0es un mendigo\u00a0<em>sentado en un banco de oro<\/em>&#8220;.<\/p>\n<p>&nbsp;<\/p>\n<p>&nbsp;<\/p>\n<p>&nbsp;<\/p>\n","protected":false},"excerpt":{"rendered":"<p>La Ley N\u00ba 30788 que declara de inter\u00e9s nacional el incentivo al desarrollo de la industria atunera y que pudo promover las capturas, producci\u00f3n de alimento y miles de empleos para los peruanos, termino en el gobierno de Dina Boluarte siendo una \u201cbomba de humo\u201d, y es que, la ineficiencia de quienes dirigen los destinos [&hellip;]<\/p>\n","protected":false},"author":2,"featured_media":26934,"comment_status":"open","ping_status":"open","sticky":false,"template":"","format":"standard","meta":{"footnotes":""},"categories":[63],"tags":[],"class_list":["post-27620","post","type-post","status-publish","format-standard","has-post-thumbnail","hentry","category-noticias"],"_links":{"self":[{"href":"http:\/\/www.perupesquero.org\/web\/wp-json\/wp\/v2\/posts\/27620","targetHints":{"allow":["GET"]}}],"collection":[{"href":"http:\/\/www.perupesquero.org\/web\/wp-json\/wp\/v2\/posts"}],"about":[{"href":"http:\/\/www.perupesquero.org\/web\/wp-json\/wp\/v2\/types\/post"}],"author":[{"embeddable":true,"href":"http:\/\/www.perupesquero.org\/web\/wp-json\/wp\/v2\/users\/2"}],"replies":[{"embeddable":true,"href":"http:\/\/www.perupesquero.org\/web\/wp-json\/wp\/v2\/comments?post=27620"}],"version-history":[{"count":2,"href":"http:\/\/www.perupesquero.org\/web\/wp-json\/wp\/v2\/posts\/27620\/revisions"}],"predecessor-version":[{"id":27622,"href":"http:\/\/www.perupesquero.org\/web\/wp-json\/wp\/v2\/posts\/27620\/revisions\/27622"}],"wp:featuredmedia":[{"embeddable":true,"href":"http:\/\/www.perupesquero.org\/web\/wp-json\/wp\/v2\/media\/26934"}],"wp:attachment":[{"href":"http:\/\/www.perupesquero.org\/web\/wp-json\/wp\/v2\/media?parent=27620"}],"wp:term":[{"taxonomy":"category","embeddable":true,"href":"http:\/\/www.perupesquero.org\/web\/wp-json\/wp\/v2\/categories?post=27620"},{"taxonomy":"post_tag","embeddable":true,"href":"http:\/\/www.perupesquero.org\/web\/wp-json\/wp\/v2\/tags?post=27620"}],"curies":[{"name":"wp","href":"https:\/\/api.w.org\/{rel}","templated":true}]}}