{"id":27617,"date":"2023-08-10T21:05:16","date_gmt":"2023-08-11T02:05:16","guid":{"rendered":"http:\/\/www.perupesquero.org\/web\/?p=27617"},"modified":"2023-08-10T21:06:23","modified_gmt":"2023-08-11T02:06:23","slug":"alerta-oleajes-de-ligera-intensidad-en-mar-peruano-ocurriran-del-12-al-14-de-agosto","status":"publish","type":"post","link":"http:\/\/www.perupesquero.org\/web\/alerta-oleajes-de-ligera-intensidad-en-mar-peruano-ocurriran-del-12-al-14-de-agosto\/","title":{"rendered":"\u00a1Alerta! Oleajes de ligera intensidad en el mar peruano ocurrir\u00e1n del 12 al 14 de agosto"},"content":{"rendered":"<p>El Instituto Nacional de Defensa Civil (INDECI) recomienda medidas de preparaci\u00f3n ante el Aviso Especial N.\u00ba 39, elaborado por la Direcci\u00f3n de Hidrograf\u00eda y Navegaci\u00f3n (DHN) de la Marina de Guerra del Per\u00fa, en el que se informa sobre la ocurrencia de oleajes de ligera intensidad proveniente del suroeste desde el s\u00e1bado 12 al lunes 14 de agosto.<\/p>\n<p>De acuerdo al pron\u00f3stico, tanto en el litoral centro, entre Chancay y San Juan, como en el litoral sur, se presentar\u00edan oleajes de ligera intensidad a partir de la madrugada del s\u00e1bado 12. Cabe resaltar que en el litoral norte, al igual que en el centro, entre Salaverry y Chancay, se esperan condiciones normales.<\/p>\n<p>Ante esta situaci\u00f3n, el INDECI exhorta a las autoridades regionales y locales orientar a la poblaci\u00f3n en cuanto a medidas de protecci\u00f3n espec\u00edficas, evitando exponerse a este fen\u00f3meno para prevenir accidentes y\/o da\u00f1os personales y materiales.<\/p>\n<p>Del mismo modo, se recomienda suspender las actividades portuarias y de pesca, as\u00ed como asegurar las embarcaciones y\/o retirar las flotas peque\u00f1as hacia tierra firme. Adem\u00e1s, se debe evitar actividades deportivas y recreativas durante el periodo de oleaje, as\u00ed como campamentos cerca de las zonas de playa.<\/p>\n<p>El INDECI, a trav\u00e9s del Centro de Operaciones de Emergencia Nacional (COEN), monitorea los departamentos del litoral peruano en coordinaci\u00f3n con las oficinas de Gesti\u00f3n del Riesgo de Desastres y la DHN, con la finalidad de brindar informaci\u00f3n a las autoridades y poblaci\u00f3n en general sobre los eventos que se presenten.<\/p>\n<p>Fuente: INDECI<\/p>\n","protected":false},"excerpt":{"rendered":"<p>El Instituto Nacional de Defensa Civil (INDECI) recomienda medidas de preparaci\u00f3n ante el Aviso Especial N.\u00ba 39, elaborado por la Direcci\u00f3n de Hidrograf\u00eda y Navegaci\u00f3n (DHN) de la Marina de Guerra del Per\u00fa, en el que se informa sobre la ocurrencia de oleajes de ligera intensidad proveniente del suroeste desde el s\u00e1bado 12 al lunes [&hellip;]<\/p>\n","protected":false},"author":2,"featured_media":27531,"comment_status":"open","ping_status":"open","sticky":false,"template":"","format":"standard","meta":{"footnotes":""},"categories":[63],"tags":[],"class_list":["post-27617","post","type-post","status-publish","format-standard","has-post-thumbnail","hentry","category-noticias"],"_links":{"self":[{"href":"http:\/\/www.perupesquero.org\/web\/wp-json\/wp\/v2\/posts\/27617","targetHints":{"allow":["GET"]}}],"collection":[{"href":"http:\/\/www.perupesquero.org\/web\/wp-json\/wp\/v2\/posts"}],"about":[{"href":"http:\/\/www.perupesquero.org\/web\/wp-json\/wp\/v2\/types\/post"}],"author":[{"embeddable":true,"href":"http:\/\/www.perupesquero.org\/web\/wp-json\/wp\/v2\/users\/2"}],"replies":[{"embeddable":true,"href":"http:\/\/www.perupesquero.org\/web\/wp-json\/wp\/v2\/comments?post=27617"}],"version-history":[{"count":2,"href":"http:\/\/www.perupesquero.org\/web\/wp-json\/wp\/v2\/posts\/27617\/revisions"}],"predecessor-version":[{"id":27619,"href":"http:\/\/www.perupesquero.org\/web\/wp-json\/wp\/v2\/posts\/27617\/revisions\/27619"}],"wp:featuredmedia":[{"embeddable":true,"href":"http:\/\/www.perupesquero.org\/web\/wp-json\/wp\/v2\/media\/27531"}],"wp:attachment":[{"href":"http:\/\/www.perupesquero.org\/web\/wp-json\/wp\/v2\/media?parent=27617"}],"wp:term":[{"taxonomy":"category","embeddable":true,"href":"http:\/\/www.perupesquero.org\/web\/wp-json\/wp\/v2\/categories?post=27617"},{"taxonomy":"post_tag","embeddable":true,"href":"http:\/\/www.perupesquero.org\/web\/wp-json\/wp\/v2\/tags?post=27617"}],"curies":[{"name":"wp","href":"https:\/\/api.w.org\/{rel}","templated":true}]}}