{"id":27611,"date":"2023-08-09T12:06:18","date_gmt":"2023-08-09T17:06:18","guid":{"rendered":"http:\/\/www.perupesquero.org\/web\/?p=27611"},"modified":"2023-08-09T12:06:18","modified_gmt":"2023-08-09T17:06:18","slug":"agua-contaminada-de-fukushima-sera-vertida-al-pacifico-a-finales-de-agosto-y-principios-de-septiembre","status":"publish","type":"post","link":"http:\/\/www.perupesquero.org\/web\/agua-contaminada-de-fukushima-sera-vertida-al-pacifico-a-finales-de-agosto-y-principios-de-septiembre\/","title":{"rendered":"Agua contaminada de Fukushima ser\u00e1 vertida al Pacifico a finales de agosto y principios de septiembre"},"content":{"rendered":"<p><a href=\"https:\/\/reporteasia.com\/tag\/japon\">Jap\u00f3n<\/a>\u00a0estudia comenzar a verter al mar el agua radiactiva tratada procedente de la central nuclear de Fukushima entre finales de agosto y principios de septiembre, a pesar de que los pescadores locales y algunos pa\u00edses siguen oponi\u00e9ndose al plan,<a href=\"https:\/\/english.kyodonews.net\/news\/2023\/08\/eb2a7336ae80-urgent-japan-eyes-fukushima-water-release-between-late-aug-and-early-sept.html\">\u00a0dijo Kyodo News<\/a>.<\/p>\n<p>Durante su visita a EE.UU., se espera que el primer ministro japon\u00e9s explique una vez m\u00e1s el plan de descarga de agua al presidente surcoreano\u00a0<a href=\"https:\/\/reporteasia.com\/tag\/yoon-suk-yeol\">Yoon Suk Yeol<\/a>, con la esperanza de que esto se transmita al p\u00fablico surcoreano para aliviar sus preocupaciones, seg\u00fan las fuentes.<\/p>\n<p>Sin embargo, Jap\u00f3n podr\u00eda retrasar el inicio de la liberaci\u00f3n hasta despu\u00e9s de explicar el plan a los l\u00edderes chinos al margen de una cumbre de la Asociaci\u00f3n de Naciones del Sudeste Asi\u00e1tico en\u00a0<a href=\"https:\/\/reporteasia.com\/tag\/indonesia\">Indonesia<\/a>\u00a0y una cumbre del\u00a0<a href=\"https:\/\/reporteasia.com\/tag\/g20\">G20<\/a>\u00a0en la India, ambas previstas para principios de septiembre.<\/p>\n<p>Mientras que algunos pa\u00edses europeos han eliminado recientemente sus restricciones a las importaciones de alimentos japoneses,\u00a0<a href=\"https:\/\/reporteasia.com\/tag\/china\">China<\/a>\u00a0ha introducido pruebas generales de radiaci\u00f3n en el marisco japon\u00e9s en un aparente intento de presionar a Tokio sobre el plan de vertido de aguas.<\/p>\n<p>Despu\u00e9s de que el Gobierno del predecesor de Kishida, Yoshihide Suga, aprobara en abril de 2021 un plan para verter el agua al mar \u201cen unos dos a\u00f1os\u201d, la actual administraci\u00f3n decidi\u00f3 en enero llevarlo a cabo en alg\u00fan momento \u201cdesde la primavera hasta alrededor del verano.<\/p>\n<p>El lunes, Kishida dijo a los periodistas que no hay cambios en ese plan.<\/p>\n<p>El gobierno ha estado sopesando el calendario desde que el\u00a0<a href=\"https:\/\/reporteasia.com\/tag\/oiea\">Organismo Internacional de la Energ\u00eda At\u00f3mica<\/a>\u00a0dijera en su informe final a principios de julio que la descarga prevista cumplir\u00eda las normas de seguridad mundiales.<\/p>\n<p>Sin embargo, el gobierno japon\u00e9s a\u00fan tiene que hacer frente a algunos problemas, entre ellos la preocupaci\u00f3n por la seguridad de algunos pa\u00edses vecinos y del Pac\u00edfico, as\u00ed como la inquietud de los pescadores locales por el posible da\u00f1o a la reputaci\u00f3n de sus productos marinos.<\/p>\n<p>Si el vertido de agua comienza seg\u00fan lo previsto, coincidir\u00e1 con la temporada de pesca de arrastre frente a Fukushima, que empieza en sept Corea del Sur ha dicho que \u201crespeta\u201d el resultado del informe de la agencia de la ONU, y Yoon ha pedido a Jap\u00f3n que comparta la informaci\u00f3n de seguimiento en tiempo real y permita a los expertos surcoreanos participar en el proceso de comprobaci\u00f3n de la seguridad.<\/p>\n<p>Kishida tambi\u00e9n tiene previsto mantener conversaciones con el jefe de la federaci\u00f3n nacional de pesca de Jap\u00f3n para transmitirle la disposici\u00f3n del gobierno a aplicar medidas para proteger la reputaci\u00f3n de los productos del mar, seg\u00fan otras fuentes.<\/p>\n<p>A finales de julio, el volumen de agua tratada almacenada en los tanques del complejo nuclear de Fukushima ascend\u00eda a unos 1,34 millones de toneladas, o el 98% de la capacidad de almacenamiento, seg\u00fan el operador de la central, Tokyo Electric Power Company Holdings Inc.<\/p>\n<p>El agua tratada con trazas de tritio se diluir\u00e1 hasta una concentraci\u00f3n 40 veces inferior a la permitida por las normas de seguridad japonesas antes de ser liberada a trav\u00e9s de un t\u00fanel submarino situado a un kil\u00f3metro de la central.<\/p>\n<p>Fuente: reporteasia.com<\/p>\n","protected":false},"excerpt":{"rendered":"<p>Jap\u00f3n\u00a0estudia comenzar a verter al mar el agua radiactiva tratada procedente de la central nuclear de Fukushima entre finales de agosto y principios de septiembre, a pesar de que los pescadores locales y algunos pa\u00edses siguen oponi\u00e9ndose al plan,\u00a0dijo Kyodo News. Durante su visita a EE.UU., se espera que el primer ministro japon\u00e9s explique una [&hellip;]<\/p>\n","protected":false},"author":2,"featured_media":27612,"comment_status":"open","ping_status":"open","sticky":false,"template":"","format":"standard","meta":{"footnotes":""},"categories":[63],"tags":[],"class_list":["post-27611","post","type-post","status-publish","format-standard","has-post-thumbnail","hentry","category-noticias"],"_links":{"self":[{"href":"http:\/\/www.perupesquero.org\/web\/wp-json\/wp\/v2\/posts\/27611","targetHints":{"allow":["GET"]}}],"collection":[{"href":"http:\/\/www.perupesquero.org\/web\/wp-json\/wp\/v2\/posts"}],"about":[{"href":"http:\/\/www.perupesquero.org\/web\/wp-json\/wp\/v2\/types\/post"}],"author":[{"embeddable":true,"href":"http:\/\/www.perupesquero.org\/web\/wp-json\/wp\/v2\/users\/2"}],"replies":[{"embeddable":true,"href":"http:\/\/www.perupesquero.org\/web\/wp-json\/wp\/v2\/comments?post=27611"}],"version-history":[{"count":1,"href":"http:\/\/www.perupesquero.org\/web\/wp-json\/wp\/v2\/posts\/27611\/revisions"}],"predecessor-version":[{"id":27613,"href":"http:\/\/www.perupesquero.org\/web\/wp-json\/wp\/v2\/posts\/27611\/revisions\/27613"}],"wp:featuredmedia":[{"embeddable":true,"href":"http:\/\/www.perupesquero.org\/web\/wp-json\/wp\/v2\/media\/27612"}],"wp:attachment":[{"href":"http:\/\/www.perupesquero.org\/web\/wp-json\/wp\/v2\/media?parent=27611"}],"wp:term":[{"taxonomy":"category","embeddable":true,"href":"http:\/\/www.perupesquero.org\/web\/wp-json\/wp\/v2\/categories?post=27611"},{"taxonomy":"post_tag","embeddable":true,"href":"http:\/\/www.perupesquero.org\/web\/wp-json\/wp\/v2\/tags?post=27611"}],"curies":[{"name":"wp","href":"https:\/\/api.w.org\/{rel}","templated":true}]}}