{"id":27608,"date":"2023-08-08T16:58:04","date_gmt":"2023-08-08T21:58:04","guid":{"rendered":"http:\/\/www.perupesquero.org\/web\/?p=27608"},"modified":"2023-08-08T16:59:03","modified_gmt":"2023-08-08T21:59:03","slug":"peru-esta-dentro-de-los-25-paises-del-mundo-que-puede-ser-afectado-por-el-nino","status":"publish","type":"post","link":"http:\/\/www.perupesquero.org\/web\/peru-esta-dentro-de-los-25-paises-del-mundo-que-puede-ser-afectado-por-el-nino\/","title":{"rendered":"Per\u00fa est\u00e1 dentro de los 25 pa\u00edses del mundo que puede ser afectado por El Ni\u00f1o"},"content":{"rendered":"<p>La Organizaci\u00f3n Mundial de la Salud (OMS) ha lanzado una advertencia sobre los graves efectos del fen\u00f3meno meteorol\u00f3gico &#8216;El Ni\u00f1o&#8217; en la salud de aproximadamente 25 pa\u00edses. El evento clim\u00e1tico, que\u00a0durar\u00e1 hasta septiembre, exacerbar\u00e1 las crisis existentes y podr\u00eda dar lugar a nuevos problemas, desde brotes epid\u00e9micos hasta problemas de malnutrici\u00f3n.<\/p>\n<p><strong>El Ni\u00f1o<\/strong> ocurre de manera peri\u00f3dica cada dos a siete a\u00f1os y tiene una duraci\u00f3n aproximada de nueve a doce meses.\u00a0Aunque es un patr\u00f3n clim\u00e1tico natural asociado al\u00a0calentamiento de las temperaturas superficiales del oc\u00e9ano en el Pac\u00edfico tropical, central y oriental, ocurre en un contexto de cambio clim\u00e1tico impulsado por la actividad humana.<\/p>\n<p>Desde que comenz\u00f3 el mes pasado, <strong>El Ni\u00f1o<\/strong> ha tra\u00eddo consigo condiciones clim\u00e1ticas extremas, incluyendo sequ\u00edas e inundaciones, que aumentar\u00e1n la inseguridad alimentaria y la desnutrici\u00f3n en las poblaciones afectadas. Como resultado, la vulnerabilidad de la poblaci\u00f3n a las enfermedades infecciosas se incrementar\u00e1, lo que podr\u00eda llevar a p\u00e9rdidas de vidas y desplazamientos masivos.<\/p>\n<p>Adem\u00e1s, la OMS alerta sobre la posibilidad de &#8220;epidemias de enfermedades transmitidas por vectores&#8221; en \u00e1reas de gran altitud, que normalmente son demasiado fr\u00edas para este tipo de transmisi\u00f3n.<\/p>\n<p>Entre los pa\u00edses identificados por la OMS como de alto riesgo se encuentran Colombia (especialmente su regi\u00f3n norte), El Salvador, Guatemala, Guyana, Honduras, Nicaragua, Per\u00fa (regi\u00f3n norte), Surinam y Venezuela, en su parte septentrional.<\/p>\n<p>En Asia, los pa\u00edses especialmente afectados podr\u00edan ser Indonesia, Papua Nueva Guinea, Birmania, Filipinas, Vietnam y Sri Lanka. Por \u00faltimo, en \u00c1frica, la OMS\u00a0destaca la necesidad de especial precauci\u00f3n en Burundi, el sur de Etiop\u00eda, Kenia, Somalia, Ruanda, Tanzania y Uganda.<\/p>\n<p>Fuente: El Tiempo, Europa press<\/p>\n","protected":false},"excerpt":{"rendered":"<p>La Organizaci\u00f3n Mundial de la Salud (OMS) ha lanzado una advertencia sobre los graves efectos del fen\u00f3meno meteorol\u00f3gico &#8216;El Ni\u00f1o&#8217; en la salud de aproximadamente 25 pa\u00edses. El evento clim\u00e1tico, que\u00a0durar\u00e1 hasta septiembre, exacerbar\u00e1 las crisis existentes y podr\u00eda dar lugar a nuevos problemas, desde brotes epid\u00e9micos hasta problemas de malnutrici\u00f3n. El Ni\u00f1o ocurre de [&hellip;]<\/p>\n","protected":false},"author":2,"featured_media":27609,"comment_status":"open","ping_status":"open","sticky":false,"template":"","format":"standard","meta":{"footnotes":""},"categories":[63],"tags":[],"class_list":["post-27608","post","type-post","status-publish","format-standard","has-post-thumbnail","hentry","category-noticias"],"_links":{"self":[{"href":"http:\/\/www.perupesquero.org\/web\/wp-json\/wp\/v2\/posts\/27608","targetHints":{"allow":["GET"]}}],"collection":[{"href":"http:\/\/www.perupesquero.org\/web\/wp-json\/wp\/v2\/posts"}],"about":[{"href":"http:\/\/www.perupesquero.org\/web\/wp-json\/wp\/v2\/types\/post"}],"author":[{"embeddable":true,"href":"http:\/\/www.perupesquero.org\/web\/wp-json\/wp\/v2\/users\/2"}],"replies":[{"embeddable":true,"href":"http:\/\/www.perupesquero.org\/web\/wp-json\/wp\/v2\/comments?post=27608"}],"version-history":[{"count":1,"href":"http:\/\/www.perupesquero.org\/web\/wp-json\/wp\/v2\/posts\/27608\/revisions"}],"predecessor-version":[{"id":27610,"href":"http:\/\/www.perupesquero.org\/web\/wp-json\/wp\/v2\/posts\/27608\/revisions\/27610"}],"wp:featuredmedia":[{"embeddable":true,"href":"http:\/\/www.perupesquero.org\/web\/wp-json\/wp\/v2\/media\/27609"}],"wp:attachment":[{"href":"http:\/\/www.perupesquero.org\/web\/wp-json\/wp\/v2\/media?parent=27608"}],"wp:term":[{"taxonomy":"category","embeddable":true,"href":"http:\/\/www.perupesquero.org\/web\/wp-json\/wp\/v2\/categories?post=27608"},{"taxonomy":"post_tag","embeddable":true,"href":"http:\/\/www.perupesquero.org\/web\/wp-json\/wp\/v2\/tags?post=27608"}],"curies":[{"name":"wp","href":"https:\/\/api.w.org\/{rel}","templated":true}]}}