{"id":27579,"date":"2023-08-04T18:11:20","date_gmt":"2023-08-04T23:11:20","guid":{"rendered":"http:\/\/www.perupesquero.org\/web\/?p=27579"},"modified":"2023-08-04T18:11:20","modified_gmt":"2023-08-04T23:11:20","slug":"oleajes-de-ligera-intensidad-se-produciran-en-el-litoral-a-partir-del-5-al-8-de-agosto","status":"publish","type":"post","link":"http:\/\/www.perupesquero.org\/web\/oleajes-de-ligera-intensidad-se-produciran-en-el-litoral-a-partir-del-5-al-8-de-agosto\/","title":{"rendered":"Oleajes de ligera intensidad se producir\u00e1n en el litoral a partir del 5 al 8 de agosto"},"content":{"rendered":"<p>El Instituto Nacional de Defensa Civil (INDECI) recomienda medidas de preparaci\u00f3n ante el Aviso Especial N.\u00ba 38, elaborado por la Direcci\u00f3n de Hidrograf\u00eda y Navegaci\u00f3n (DHN) de la Marina de Guerra del Per\u00fa, en el que se informa sobre la ocurrencia de oleajes de ligera intensidad en todo el litoral desde el s\u00e1bado 5 al martes 8 de agosto.<\/p>\n<p>De acuerdo al pron\u00f3stico, este fen\u00f3meno iniciar\u00eda a partir del mediod\u00eda del s\u00e1bado 5 de agosto en el litoral sur, as\u00ed como en el litoral centro, desde Chancay a San Juan; mientras que, de Salaverry a Chancay, se prev\u00e9 su aparici\u00f3n desde la madrugada del domingo 6 de agosto. En el norte, en tanto, ocurrir\u00eda desde la ma\u00f1ana de ese mismo d\u00eda.<\/p>\n<p>Ante esta situaci\u00f3n, el INDECI exhorta a las autoridades regionales y locales orientar a la poblaci\u00f3n en cuanto a medidas de protecci\u00f3n espec\u00edficas, evitando exponerse a este fen\u00f3meno para prevenir accidentes y\/o da\u00f1os personales y materiales.<\/p>\n<p>Del mismo modo, se recomienda suspender las actividades portuarias y de pesca, as\u00ed como asegurar las embarcaciones y\/o retirar las flotas peque\u00f1as hacia tierra firme. Adem\u00e1s, se debe evitar actividades deportivas y recreativas durante el periodo de oleaje, as\u00ed como campamentos cerca de las zonas de playa.<\/p>\n<p>El INDECI, a trav\u00e9s del Centro de Operaciones de Emergencia Nacional (COEN), monitorea los departamentos del litoral peruano en coordinaci\u00f3n con las oficinas de Gesti\u00f3n del Riesgo de Desastres y la DHN, con la finalidad de brindar informaci\u00f3n a las autoridades y poblaci\u00f3n en general sobre los eventos que se presenten.<\/p>\n<p>Nota de prensa INDECI<\/p>\n<p>&nbsp;<\/p>\n","protected":false},"excerpt":{"rendered":"<p>El Instituto Nacional de Defensa Civil (INDECI) recomienda medidas de preparaci\u00f3n ante el Aviso Especial N.\u00ba 38, elaborado por la Direcci\u00f3n de Hidrograf\u00eda y Navegaci\u00f3n (DHN) de la Marina de Guerra del Per\u00fa, en el que se informa sobre la ocurrencia de oleajes de ligera intensidad en todo el litoral desde el s\u00e1bado 5 al [&hellip;]<\/p>\n","protected":false},"author":2,"featured_media":27531,"comment_status":"open","ping_status":"open","sticky":false,"template":"","format":"standard","meta":{"footnotes":""},"categories":[63],"tags":[],"class_list":["post-27579","post","type-post","status-publish","format-standard","has-post-thumbnail","hentry","category-noticias"],"_links":{"self":[{"href":"http:\/\/www.perupesquero.org\/web\/wp-json\/wp\/v2\/posts\/27579","targetHints":{"allow":["GET"]}}],"collection":[{"href":"http:\/\/www.perupesquero.org\/web\/wp-json\/wp\/v2\/posts"}],"about":[{"href":"http:\/\/www.perupesquero.org\/web\/wp-json\/wp\/v2\/types\/post"}],"author":[{"embeddable":true,"href":"http:\/\/www.perupesquero.org\/web\/wp-json\/wp\/v2\/users\/2"}],"replies":[{"embeddable":true,"href":"http:\/\/www.perupesquero.org\/web\/wp-json\/wp\/v2\/comments?post=27579"}],"version-history":[{"count":1,"href":"http:\/\/www.perupesquero.org\/web\/wp-json\/wp\/v2\/posts\/27579\/revisions"}],"predecessor-version":[{"id":27580,"href":"http:\/\/www.perupesquero.org\/web\/wp-json\/wp\/v2\/posts\/27579\/revisions\/27580"}],"wp:featuredmedia":[{"embeddable":true,"href":"http:\/\/www.perupesquero.org\/web\/wp-json\/wp\/v2\/media\/27531"}],"wp:attachment":[{"href":"http:\/\/www.perupesquero.org\/web\/wp-json\/wp\/v2\/media?parent=27579"}],"wp:term":[{"taxonomy":"category","embeddable":true,"href":"http:\/\/www.perupesquero.org\/web\/wp-json\/wp\/v2\/categories?post=27579"},{"taxonomy":"post_tag","embeddable":true,"href":"http:\/\/www.perupesquero.org\/web\/wp-json\/wp\/v2\/tags?post=27579"}],"curies":[{"name":"wp","href":"https:\/\/api.w.org\/{rel}","templated":true}]}}