{"id":27576,"date":"2023-08-04T18:02:22","date_gmt":"2023-08-04T23:02:22","guid":{"rendered":"http:\/\/www.perupesquero.org\/web\/?p=27576"},"modified":"2023-08-04T18:02:22","modified_gmt":"2023-08-04T23:02:22","slug":"gobierno-de-boluarte-prepara-politica-pesquera-con-un-ministro-que-no-sintoniza-con-el-sector","status":"publish","type":"post","link":"http:\/\/www.perupesquero.org\/web\/gobierno-de-boluarte-prepara-politica-pesquera-con-un-ministro-que-no-sintoniza-con-el-sector\/","title":{"rendered":"Gobierno de Boluarte prepara pol\u00edtica pesquera con un ministro que no sintoniza con el sector"},"content":{"rendered":"<p>La presidenta del Per\u00fa, Dina Ercilia Boluarte Zegarra, dispuso a trav\u00e9s del Ministerio de la Producci\u00f3n (Produce) se trabaje la reglamentaci\u00f3n de la primera pol\u00edtica pesquera nacional, que tendr\u00e1 como objetivo que la industria pesquera sea m\u00e1s competitiva y sostenible para 2030. La propuesta podr\u00eda originar, el ansiado despegue de la pesca; sin embargo, la presencia de un ministro de la Producci\u00f3n que no sintoniza con el sector y no es un experto pesquero, puede ser contraproducente y hacer que naufrague, el plan palaciego.<\/p>\n<p>La mandataria debe saber, que esta pol\u00edtica pesquera tendr\u00e1 a cargo cuestiones de seguridad alimentaria, as\u00ed como la elaboraci\u00f3n del diagn\u00f3stico del sector pesquero, el dise\u00f1o de estrategias y planes de acci\u00f3n a largo plazo, dirigidos a la cadena de valor de los productos del mar, que incluye a pescadores artesanales, armadores, procesadores, proveedores y consumidores, por lo tanto, es necesario que se cuente con profesionales que sean aceptados por la poblaci\u00f3n pesquera.<\/p>\n<p>Si bien, el objetivo de la pol\u00edtica pesquera nacional es hacer m\u00e1s competitiva la pesca, \u00bfentonces por qu\u00e9? el ministro de la Producci\u00f3n, Ra\u00fal P\u00e9rez Reyes Espejo, se mantiene \u201csordo y mudo\u201d ante los retardados procedimientos de caducidad de los permisos de pesca de las embarcaciones pesqueras con acceso al recurso at\u00fan otorgado por la Comisi\u00f3n Interamericana de At\u00fan Tropical \u2013 CIAT, limitando no solo las producciones de alimento saludable (conserva de at\u00fan), tambi\u00e9n la generaci\u00f3n de empleo y el aumento de las exportaciones de productos hidrobiol\u00f3gicos de valor a\u00f1adido, as\u00ed como la creaci\u00f3n de divisas para mejorar las infraestructuras de los muelles de pesca artesanal.<\/p>\n<p>La elaboraci\u00f3n de una pol\u00edtica pesquera nacional, obliga que las normativas que se publican est\u00e9n acordes de la realidad pesquera y originen el orden del sector y no, confusiones como actualmente sucede con la Resoluci\u00f3n Ministerial 262-2023-PRODUCE, que autoriza la pesca exploratoria de anchoveta en la zona norte centro, pero impone horarios a las faenas y desembarques de 6 pm a 6 am, adem\u00e1s, restringe las zonas mar\u00edtimas. Olvid\u00e1ndose que esta actividad al ser pesquera es de alto riesgo y los peces no saben de horarios.<\/p>\n<p>Es importante mencionar que, en 2022, el sector pesquero contribuy\u00f3 con S\/ 4.566 millones en valor a\u00f1adido, el cual signific\u00f3 un aporte de 0.8% PBI Nacional. Adicional a ello, las exportaciones pesqueras generaron divisas al pa\u00eds por la suma US$4.090 millones, significando ello un aporte del 6.9% al valor de las exportaciones nacionales.<\/p>\n<p>Finalmente, es innegable que el Bono del Pescador a entregarse a 35 mil\u00a0<a href=\"https:\/\/rpp.pe\/columnistas\/juancarlossueiro\/suspension-de-la-temporada-de-anchoveta-impacto-economico-y-precaucion-ante-el-nino-noticia-1489900\">pescadores<\/a> artesanales puede contribuir a la reactivaci\u00f3n econ\u00f3mica de este sector productivo; sin embargo, no ser\u00eda mejor generar puestos de trabajo para una reactivaci\u00f3n sostenida y el real movimiento econ\u00f3mico de las cadenas productivas en todo el litoral pesquero. Un ministro de la Producci\u00f3n ejecutivo y experto en la pesca, marcar\u00eda un cambio importante en los destinos de la pesquer\u00eda nacional.<\/p>\n<p>&nbsp;<\/p>\n<p>&nbsp;<\/p>\n","protected":false},"excerpt":{"rendered":"<p>La presidenta del Per\u00fa, Dina Ercilia Boluarte Zegarra, dispuso a trav\u00e9s del Ministerio de la Producci\u00f3n (Produce) se trabaje la reglamentaci\u00f3n de la primera pol\u00edtica pesquera nacional, que tendr\u00e1 como objetivo que la industria pesquera sea m\u00e1s competitiva y sostenible para 2030. La propuesta podr\u00eda originar, el ansiado despegue de la pesca; sin embargo, la [&hellip;]<\/p>\n","protected":false},"author":2,"featured_media":27577,"comment_status":"open","ping_status":"open","sticky":false,"template":"","format":"standard","meta":{"footnotes":""},"categories":[63],"tags":[],"class_list":["post-27576","post","type-post","status-publish","format-standard","has-post-thumbnail","hentry","category-noticias"],"_links":{"self":[{"href":"http:\/\/www.perupesquero.org\/web\/wp-json\/wp\/v2\/posts\/27576","targetHints":{"allow":["GET"]}}],"collection":[{"href":"http:\/\/www.perupesquero.org\/web\/wp-json\/wp\/v2\/posts"}],"about":[{"href":"http:\/\/www.perupesquero.org\/web\/wp-json\/wp\/v2\/types\/post"}],"author":[{"embeddable":true,"href":"http:\/\/www.perupesquero.org\/web\/wp-json\/wp\/v2\/users\/2"}],"replies":[{"embeddable":true,"href":"http:\/\/www.perupesquero.org\/web\/wp-json\/wp\/v2\/comments?post=27576"}],"version-history":[{"count":1,"href":"http:\/\/www.perupesquero.org\/web\/wp-json\/wp\/v2\/posts\/27576\/revisions"}],"predecessor-version":[{"id":27578,"href":"http:\/\/www.perupesquero.org\/web\/wp-json\/wp\/v2\/posts\/27576\/revisions\/27578"}],"wp:featuredmedia":[{"embeddable":true,"href":"http:\/\/www.perupesquero.org\/web\/wp-json\/wp\/v2\/media\/27577"}],"wp:attachment":[{"href":"http:\/\/www.perupesquero.org\/web\/wp-json\/wp\/v2\/media?parent=27576"}],"wp:term":[{"taxonomy":"category","embeddable":true,"href":"http:\/\/www.perupesquero.org\/web\/wp-json\/wp\/v2\/categories?post=27576"},{"taxonomy":"post_tag","embeddable":true,"href":"http:\/\/www.perupesquero.org\/web\/wp-json\/wp\/v2\/tags?post=27576"}],"curies":[{"name":"wp","href":"https:\/\/api.w.org\/{rel}","templated":true}]}}