{"id":27530,"date":"2023-07-17T11:51:15","date_gmt":"2023-07-17T16:51:15","guid":{"rendered":"http:\/\/www.perupesquero.org\/web\/?p=27530"},"modified":"2023-07-17T11:51:40","modified_gmt":"2023-07-17T16:51:40","slug":"alerta-litoral-costero-experimentara-oleajes-anomalos-del-17-al-19-de-julio","status":"publish","type":"post","link":"http:\/\/www.perupesquero.org\/web\/alerta-litoral-costero-experimentara-oleajes-anomalos-del-17-al-19-de-julio\/","title":{"rendered":"\u00a1Alerta! Litoral costero experimentar\u00e1 oleajes an\u00f3malos del 17 al 19 de julio"},"content":{"rendered":"<p>El Instituto Nacional de Defensa Civil (INDECI) recomienda medidas de preparaci\u00f3n ante el Aviso Especial N.\u00ba 35, elaborado por la Direcci\u00f3n de Hidrograf\u00eda y Navegaci\u00f3n (DHN) de la Marina de Guerra del Per\u00fa, en el que se informa sobre la ocurrencia de oleajes de ligera intensidad en el litoral centro y sur, del lunes 17 al mi\u00e9rcoles 19 de julio.<\/p>\n<p>De acuerdo al pron\u00f3stico, habr\u00eda oleaje ligero desde el lunes 17 en la costa centro, espec\u00edficamente entre Callao y San Juan; mientras que, en el sur, entre San Juan y Mollendo, el evento se presentar\u00eda a partir de la madrugada del martes 18. Cabe resaltar que, en el litoral norte, as\u00ed como en el centro, desde Salaverry hasta Callao, se prev\u00e9n condiciones normales.<\/p>\n<p>Ante esta situaci\u00f3n, el INDECI exhorta a las autoridades regionales y locales orientar a la poblaci\u00f3n en cuanto a medidas de protecci\u00f3n espec\u00edficas, evitando exponerse a este fen\u00f3meno para prevenir accidentes y\/o da\u00f1os personales y materiales.<\/p>\n<p>Del mismo modo, se recomienda suspender las actividades portuarias y de pesca, as\u00ed como asegurar las embarcaciones y\/o retirar las flotas peque\u00f1as hacia tierra firme. Adem\u00e1s, se debe evitar actividades deportivas y recreativas durante el periodo de oleaje, as\u00ed como campamentos cerca de las zonas de playa.<\/p>\n<p>El INDECI, a trav\u00e9s del Centro de Operaciones de Emergencia Nacional (COEN), monitorea los departamentos del litoral peruano en coordinaci\u00f3n con las oficinas de Gesti\u00f3n del Riesgo de Desastres y la DHN, con la finalidad de brindar informaci\u00f3n a las autoridades y poblaci\u00f3n en general sobre los eventos que se presenten.<\/p>\n<p>Fuente: INDECI<\/p>\n<p>&nbsp;<\/p>\n<p>&nbsp;<\/p>\n","protected":false},"excerpt":{"rendered":"<p>El Instituto Nacional de Defensa Civil (INDECI) recomienda medidas de preparaci\u00f3n ante el Aviso Especial N.\u00ba 35, elaborado por la Direcci\u00f3n de Hidrograf\u00eda y Navegaci\u00f3n (DHN) de la Marina de Guerra del Per\u00fa, en el que se informa sobre la ocurrencia de oleajes de ligera intensidad en el litoral centro y sur, del lunes 17 [&hellip;]<\/p>\n","protected":false},"author":2,"featured_media":27531,"comment_status":"open","ping_status":"open","sticky":false,"template":"","format":"standard","meta":{"footnotes":""},"categories":[63],"tags":[],"class_list":["post-27530","post","type-post","status-publish","format-standard","has-post-thumbnail","hentry","category-noticias"],"_links":{"self":[{"href":"http:\/\/www.perupesquero.org\/web\/wp-json\/wp\/v2\/posts\/27530","targetHints":{"allow":["GET"]}}],"collection":[{"href":"http:\/\/www.perupesquero.org\/web\/wp-json\/wp\/v2\/posts"}],"about":[{"href":"http:\/\/www.perupesquero.org\/web\/wp-json\/wp\/v2\/types\/post"}],"author":[{"embeddable":true,"href":"http:\/\/www.perupesquero.org\/web\/wp-json\/wp\/v2\/users\/2"}],"replies":[{"embeddable":true,"href":"http:\/\/www.perupesquero.org\/web\/wp-json\/wp\/v2\/comments?post=27530"}],"version-history":[{"count":1,"href":"http:\/\/www.perupesquero.org\/web\/wp-json\/wp\/v2\/posts\/27530\/revisions"}],"predecessor-version":[{"id":27532,"href":"http:\/\/www.perupesquero.org\/web\/wp-json\/wp\/v2\/posts\/27530\/revisions\/27532"}],"wp:featuredmedia":[{"embeddable":true,"href":"http:\/\/www.perupesquero.org\/web\/wp-json\/wp\/v2\/media\/27531"}],"wp:attachment":[{"href":"http:\/\/www.perupesquero.org\/web\/wp-json\/wp\/v2\/media?parent=27530"}],"wp:term":[{"taxonomy":"category","embeddable":true,"href":"http:\/\/www.perupesquero.org\/web\/wp-json\/wp\/v2\/categories?post=27530"},{"taxonomy":"post_tag","embeddable":true,"href":"http:\/\/www.perupesquero.org\/web\/wp-json\/wp\/v2\/tags?post=27530"}],"curies":[{"name":"wp","href":"https:\/\/api.w.org\/{rel}","templated":true}]}}