{"id":27527,"date":"2023-07-16T15:34:02","date_gmt":"2023-07-16T20:34:02","guid":{"rendered":"http:\/\/www.perupesquero.org\/web\/?p=27527"},"modified":"2023-07-16T15:34:02","modified_gmt":"2023-07-16T20:34:02","slug":"arequipa-s-200-millones-para-el-fenomeno-el-nino","status":"publish","type":"post","link":"http:\/\/www.perupesquero.org\/web\/arequipa-s-200-millones-para-el-fenomeno-el-nino\/","title":{"rendered":"Arequipa: S\/200 millones para el fen\u00f3meno El Ni\u00f1o"},"content":{"rendered":"<p><strong><em>El MEF destin\u00f3 presupuesto para Arequipa y el COER est\u00e1 elaborando el plan de contingencia<\/em><\/strong><\/p>\n<p><em>\u00a0<\/em>El fen\u00f3meno El Ni\u00f1o comienza a sentirse en el pa\u00eds y el Gobierno Regional de Arequipa (GRA) tiene presupuesto aproximado de S\/200 millones para ejecutar acciones de prevenci\u00f3n. Estos fondos fueron designados por el Ministerio de Econom\u00eda y Finanzas.<\/p>\n<p>El jefe de la Oficina Regional de Gesti\u00f3n del Riesgo de Desastres y Defensa Nacional, Juan Carlos Burga Regalado, indic\u00f3 que se contempl\u00f3 la compra de 52 maquinarias pesadas que deben estar operativas a fines de setiembre.<\/p>\n<p>Ante la poca fe que tienen algunos municipios al trabajo de prevenci\u00f3n que realizar\u00e1 el GRA, Burga explic\u00f3 que pondr\u00e1 a disposici\u00f3n de los distritos las 100 maquinarias que tienen en almac\u00e9n.<br \/>\nDe esa cantidad, 70 ejecutar\u00e1n trabajos de prevenci\u00f3n en las cuencas de la regi\u00f3n como descolmataci\u00f3n de cauces de r\u00edos, reforzamiento de defensas ribere\u00f1as,\u00a0mantenimiento de drenes, limpieza de torrenteras, entre otros.<\/p>\n<p>Han considerado las cuencas de Oco\u00f1a, Majes, Caman\u00e1, Quilca, V\u00edtor, Chili y Tambo.<\/p>\n<p>\u201cParalelamente estamos haciendo la formulaci\u00f3n del plan de contingencia ante lluvias extremas y posible fen\u00f3meno El Ni\u00f1o 2023-2024, ah\u00ed estoy poniendo cosas como por ejemplo combustible, alquiler de maquinaria, cisternas de agua para que vayan a m\u00e1s de 3 mil metros y ah\u00ed se va a instalar equipos para dotar de agua limpia, \u00a0tambi\u00e9n se contempla la compra de drones\u201d, detall\u00f3.<br \/>\nAdicionalmente tienen instalados 10 almacenes donde hay sacos terreros, carpas, frazadas y dem\u00e1s enseres \u00fatiles para las emergencias.<\/p>\n<p>\u201cEl gobernador est\u00e1 haciendo su mejor esfuerzo para traer un helic\u00f3ptero permanente. Ya hemos hablado con la Fuerza A\u00e9rea del Per\u00fa para que nos asigne un helipuerto, ya sea en La Joya o en V\u00edtor como avanzada para llegar m\u00e1s r\u00e1pido a Majes que hemos visto que es uno de los sitios principales\u201d, explic\u00f3.<\/p>\n<p>Burga Regalado exhort\u00f3 a los pobladores a adoptar las medidas de prevenci\u00f3n en sus comunidades y viviendas limpiando los techos y otras acciones en coordinaci\u00f3n con su municipio. Tambi\u00e9n indic\u00f3 que de ser necesario ante la ausencia o desinter\u00e9s de las autoridades locales pueden solicitar apoyo al COER llamando al celular 934 014 903. \u201cRecordarles que la prevenci\u00f3n es una tarea de todos\u201d, finaliz\u00f3.<\/p>\n<p>Fuente: diarioviral.pe<\/p>\n<p>&nbsp;<\/p>\n","protected":false},"excerpt":{"rendered":"<p>El MEF destin\u00f3 presupuesto para Arequipa y el COER est\u00e1 elaborando el plan de contingencia \u00a0El fen\u00f3meno El Ni\u00f1o comienza a sentirse en el pa\u00eds y el Gobierno Regional de Arequipa (GRA) tiene presupuesto aproximado de S\/200 millones para ejecutar acciones de prevenci\u00f3n. Estos fondos fueron designados por el Ministerio de Econom\u00eda y Finanzas. El [&hellip;]<\/p>\n","protected":false},"author":2,"featured_media":27528,"comment_status":"open","ping_status":"open","sticky":false,"template":"","format":"standard","meta":{"footnotes":""},"categories":[63],"tags":[],"class_list":["post-27527","post","type-post","status-publish","format-standard","has-post-thumbnail","hentry","category-noticias"],"_links":{"self":[{"href":"http:\/\/www.perupesquero.org\/web\/wp-json\/wp\/v2\/posts\/27527","targetHints":{"allow":["GET"]}}],"collection":[{"href":"http:\/\/www.perupesquero.org\/web\/wp-json\/wp\/v2\/posts"}],"about":[{"href":"http:\/\/www.perupesquero.org\/web\/wp-json\/wp\/v2\/types\/post"}],"author":[{"embeddable":true,"href":"http:\/\/www.perupesquero.org\/web\/wp-json\/wp\/v2\/users\/2"}],"replies":[{"embeddable":true,"href":"http:\/\/www.perupesquero.org\/web\/wp-json\/wp\/v2\/comments?post=27527"}],"version-history":[{"count":1,"href":"http:\/\/www.perupesquero.org\/web\/wp-json\/wp\/v2\/posts\/27527\/revisions"}],"predecessor-version":[{"id":27529,"href":"http:\/\/www.perupesquero.org\/web\/wp-json\/wp\/v2\/posts\/27527\/revisions\/27529"}],"wp:featuredmedia":[{"embeddable":true,"href":"http:\/\/www.perupesquero.org\/web\/wp-json\/wp\/v2\/media\/27528"}],"wp:attachment":[{"href":"http:\/\/www.perupesquero.org\/web\/wp-json\/wp\/v2\/media?parent=27527"}],"wp:term":[{"taxonomy":"category","embeddable":true,"href":"http:\/\/www.perupesquero.org\/web\/wp-json\/wp\/v2\/categories?post=27527"},{"taxonomy":"post_tag","embeddable":true,"href":"http:\/\/www.perupesquero.org\/web\/wp-json\/wp\/v2\/tags?post=27527"}],"curies":[{"name":"wp","href":"https:\/\/api.w.org\/{rel}","templated":true}]}}