{"id":27487,"date":"2023-07-11T20:23:06","date_gmt":"2023-07-12T01:23:06","guid":{"rendered":"http:\/\/www.perupesquero.org\/web\/?p=27487"},"modified":"2023-07-11T20:23:55","modified_gmt":"2023-07-12T01:23:55","slug":"mineria-en-aguas-profundas-podria-amenazar-migracion-del-atun-impulsada-por-el-cambio-climatico","status":"publish","type":"post","link":"http:\/\/www.perupesquero.org\/web\/mineria-en-aguas-profundas-podria-amenazar-migracion-del-atun-impulsada-por-el-cambio-climatico\/","title":{"rendered":"Miner\u00eda en aguas profundas podr\u00eda amenazar migraci\u00f3n del at\u00fan, impulsada por el Cambio Clim\u00e1tico"},"content":{"rendered":"<p>El at\u00fan, clave en la econom\u00eda mundial, podr\u00eda verse amenazado por la miner\u00eda en el oc\u00e9ano Pac\u00edfico, siendo esta actividad un conflicto latente con el cambio clim\u00e1tico y los patrones de migraci\u00f3n del pez.<\/p>\n<p><strong>\u00bfQu\u00e9 indica el \u00faltimo estudio sobre la miner\u00eda en aguas profundas y la migraci\u00f3n del at\u00fan?<\/strong><\/p>\n<p>El m\u00e1s reciente estudio publicado en la revista Nature Sustainability revela una preocupante intersecci\u00f3n entre las proyecciones del cambio clim\u00e1tico y la miner\u00eda en aguas profundas.\u00a0<strong>Los patrones de migraci\u00f3n de tres especies de at\u00fan podr\u00edan cambiar dr\u00e1sticamente debido al cambio clim\u00e1tico<\/strong>, llev\u00e1ndolos directamente a zonas programadas para la actividad minera en el Oc\u00e9ano Pac\u00edfico.<\/p>\n<p><strong>\u00bfC\u00f3mo afecta la miner\u00eda submarina a la econom\u00eda global?<\/strong><\/p>\n<p>La miner\u00eda submarina, en particular en la Zona Clarion-Clipperton cerca de Haw\u00e1i, se perfila como un campo de batalla entre la preservaci\u00f3n ecol\u00f3gica y las necesidades econ\u00f3micas globales.\u00a0<strong>Los fondos marinos son ricos en metales como el n\u00edquel y el cobalto, esenciales para las bater\u00edas de veh\u00edculos el\u00e9ctricos<\/strong>. Su extracci\u00f3n podr\u00eda favorecer la transici\u00f3n energ\u00e9tica global, pero no sin consecuencias ambientales.<\/p>\n<p><strong>\u00bfQu\u00e9 papel juega la ONU en la regulaci\u00f3n de la miner\u00eda submarina?<\/strong><\/p>\n<p>La ONU, como organismo regulador del sector, se espera que ponga en pausa los planes de extracci\u00f3n mineral submarina debido a los riesgos ambientales y econ\u00f3micos. A pesar de las promesas de riqueza en minerales,\u00a0<strong>la alta mar alberga una inestimable biodiversidad<\/strong>\u00a0que podr\u00eda verse amenazada por dicha actividad.<\/p>\n<p>Fuente: https:\/\/www.redimin.cl\/<\/p>\n","protected":false},"excerpt":{"rendered":"<p>El at\u00fan, clave en la econom\u00eda mundial, podr\u00eda verse amenazado por la miner\u00eda en el oc\u00e9ano Pac\u00edfico, siendo esta actividad un conflicto latente con el cambio clim\u00e1tico y los patrones de migraci\u00f3n del pez. \u00bfQu\u00e9 indica el \u00faltimo estudio sobre la miner\u00eda en aguas profundas y la migraci\u00f3n del at\u00fan? El m\u00e1s reciente estudio publicado [&hellip;]<\/p>\n","protected":false},"author":2,"featured_media":27488,"comment_status":"open","ping_status":"open","sticky":false,"template":"","format":"standard","meta":{"footnotes":""},"categories":[63],"tags":[],"class_list":["post-27487","post","type-post","status-publish","format-standard","has-post-thumbnail","hentry","category-noticias"],"_links":{"self":[{"href":"http:\/\/www.perupesquero.org\/web\/wp-json\/wp\/v2\/posts\/27487","targetHints":{"allow":["GET"]}}],"collection":[{"href":"http:\/\/www.perupesquero.org\/web\/wp-json\/wp\/v2\/posts"}],"about":[{"href":"http:\/\/www.perupesquero.org\/web\/wp-json\/wp\/v2\/types\/post"}],"author":[{"embeddable":true,"href":"http:\/\/www.perupesquero.org\/web\/wp-json\/wp\/v2\/users\/2"}],"replies":[{"embeddable":true,"href":"http:\/\/www.perupesquero.org\/web\/wp-json\/wp\/v2\/comments?post=27487"}],"version-history":[{"count":2,"href":"http:\/\/www.perupesquero.org\/web\/wp-json\/wp\/v2\/posts\/27487\/revisions"}],"predecessor-version":[{"id":27490,"href":"http:\/\/www.perupesquero.org\/web\/wp-json\/wp\/v2\/posts\/27487\/revisions\/27490"}],"wp:featuredmedia":[{"embeddable":true,"href":"http:\/\/www.perupesquero.org\/web\/wp-json\/wp\/v2\/media\/27488"}],"wp:attachment":[{"href":"http:\/\/www.perupesquero.org\/web\/wp-json\/wp\/v2\/media?parent=27487"}],"wp:term":[{"taxonomy":"category","embeddable":true,"href":"http:\/\/www.perupesquero.org\/web\/wp-json\/wp\/v2\/categories?post=27487"},{"taxonomy":"post_tag","embeddable":true,"href":"http:\/\/www.perupesquero.org\/web\/wp-json\/wp\/v2\/tags?post=27487"}],"curies":[{"name":"wp","href":"https:\/\/api.w.org\/{rel}","templated":true}]}}