{"id":27470,"date":"2023-07-10T15:42:22","date_gmt":"2023-07-10T20:42:22","guid":{"rendered":"http:\/\/www.perupesquero.org\/web\/?p=27470"},"modified":"2023-07-11T11:31:42","modified_gmt":"2023-07-11T16:31:42","slug":"por-anp-radio-jose-marengo-el-peruano-que-investiga-el-cambio-climatico-en-brasil","status":"publish","type":"post","link":"http:\/\/www.perupesquero.org\/web\/por-anp-radio-jose-marengo-el-peruano-que-investiga-el-cambio-climatico-en-brasil\/","title":{"rendered":"Por ANP Radio: Jos\u00e9 Marengo, el peruano que investiga el cambio clim\u00e1tico en Brasil"},"content":{"rendered":"<p>Este martes, 11 de julio a la 1 de la tarde (hora de Per\u00fa), el programa PERUPESQUERO, que dirige la periodista, Roc\u00edo V\u00e1squez Goicochea y que es trasmitido por ANP Radio, entrevistar\u00e1 al meteor\u00f3logo peruano Jos\u00e9 Marengo Orsini. Cient\u00edfico que se desempe\u00f1a como catedr\u00e1tico en la Universidad Estatal de Sao Paulo (UNESP) y que actualmente viene investigando el Cambio Clim\u00e1tico.<\/p>\n<p>Jos\u00e9 Marengo estudi\u00f3 en la Universidad Nacional Agraria, para la especialidad de Meteorolog\u00eda, luego trabaj\u00f3 como jefe de pr\u00e1ctica, un puesto que mantuvo durante dos a\u00f1os, para finalmente convertirse en profesor en la Facultad de Ciencias, orientado en el \u00e1rea de Meteorolog\u00eda general.<\/p>\n<p>Curs\u00f3 una maestr\u00eda en la misma casa de estudios en Ingenier\u00eda de Recursos H\u00eddricos y Terrestres. En 1987 gan\u00f3 una beca para estudiar un doctorado en Meteorolog\u00eda en la Universidad de Wisconsin-Madison, Estados Unidos.<\/p>\n<p>De esta forma realiz\u00f3 su formaci\u00f3n doctoral en Estados Unidos y se qued\u00f3 trabajando con su profesor a cargo durante los cuatro a\u00f1os de posgrado. En su estad\u00eda se encarg\u00f3 de efectuar investigaciones ligadas a la meteorolog\u00eda tropical, clima de la Amazon\u00eda y otros temas vinculados con la materia.<\/p>\n<p><strong>Su paso por la NASA<\/strong><\/p>\n<p>Posteriormente, su talento lo llev\u00f3 a cursar, de inmediato, un posdoctorado en el NASA Goddard Institute for Space Studies (GISS), en Nueva York.<\/p>\n<p>El GISS busca candidatos altamente calificados y con experiencia relevante en \u00e1reas espec\u00edficas de investigaci\u00f3n. El trabajo de dicha instituci\u00f3n es fundamental para comprender, mitigar y adaptarse al cambio clim\u00e1tico, as\u00ed como para promover la toma de decisiones basadas en evidencias cient\u00edficas y la protecci\u00f3n del medioambiente.<\/p>\n<p>Al a\u00f1o siguiente ingres\u00f3 como cient\u00edfico posdoctoral en la Universidad Estatal de Florida, en donde se desarroll\u00f3 en la parte de modelaje orientado a la regi\u00f3n tropical.<\/p>\n<p><strong>En Brasil<\/strong><\/p>\n<p>En el 2004 lleg\u00f3 a Brasil, y el a\u00f1o siguiente trabaj\u00f3 en el Instituto Nacional de Pesquisas Espaciais. Ocup\u00f3 el puesto de jefe de dicho centro, en donde puso el foco en temas sobre estudios clim\u00e1ticos, pron\u00f3sticos clim\u00e1ticos estacionales, fen\u00f3menos clim\u00e1ticos extremos, modelado clim\u00e1tico y cambio clim\u00e1tico.<\/p>\n<p>Jos\u00e9 Marengo vive en el pa\u00eds del carnaval y la samba. Es investigador principal y coordinador general de investigaci\u00f3n y desarrollo en el Centro Nacional de Monitoreo y Alerta de Desastres Naturales (Cemaden) y centra su estudio en los fen\u00f3menos clim\u00e1ticos extremos y los desastres naturales relacionados, incluyendo el aumento del nivel del mar y las sequ\u00edas.<\/p>\n<p>Adem\u00e1s, forma parte de la Academia Brasile\u00f1a de Ciencias ABC y de la Academia Mundial de Ciencias TWAS y ocupa el cargo de catedr\u00e1tico de los programas de posgrado en Meteorolog\u00eda y Ciencias del Sistema Terrestre del Instituto Nacional de Pesquisas Espaciais y del Programa de Posgrado en Desastres Naturales en la Universidad Estatal de Sao Paulo (UNESP).<\/p>\n<p>Tambi\u00e9n ha liderado y participado en proyectos nacionales e internacionales, demostrando que una carrera cient\u00edfica es una tarea de dedicaci\u00f3n y esfuerzo, en la que priman el \u00edmpetu y las ganas de querer salir adelante.<\/p>\n<p>&nbsp;<\/p>\n<p>Con informaci\u00f3n de Andina<\/p>\n","protected":false},"excerpt":{"rendered":"<p>Este martes, 11 de julio a la 1 de la tarde (hora de Per\u00fa), el programa PERUPESQUERO, que dirige la periodista, Roc\u00edo V\u00e1squez Goicochea y que es trasmitido por ANP Radio, entrevistar\u00e1 al meteor\u00f3logo peruano Jos\u00e9 Marengo Orsini. Cient\u00edfico que se desempe\u00f1a como catedr\u00e1tico en la Universidad Estatal de Sao Paulo (UNESP) y que actualmente [&hellip;]<\/p>\n","protected":false},"author":2,"featured_media":27471,"comment_status":"open","ping_status":"open","sticky":false,"template":"","format":"standard","meta":{"footnotes":""},"categories":[63],"tags":[],"class_list":["post-27470","post","type-post","status-publish","format-standard","has-post-thumbnail","hentry","category-noticias"],"_links":{"self":[{"href":"http:\/\/www.perupesquero.org\/web\/wp-json\/wp\/v2\/posts\/27470","targetHints":{"allow":["GET"]}}],"collection":[{"href":"http:\/\/www.perupesquero.org\/web\/wp-json\/wp\/v2\/posts"}],"about":[{"href":"http:\/\/www.perupesquero.org\/web\/wp-json\/wp\/v2\/types\/post"}],"author":[{"embeddable":true,"href":"http:\/\/www.perupesquero.org\/web\/wp-json\/wp\/v2\/users\/2"}],"replies":[{"embeddable":true,"href":"http:\/\/www.perupesquero.org\/web\/wp-json\/wp\/v2\/comments?post=27470"}],"version-history":[{"count":2,"href":"http:\/\/www.perupesquero.org\/web\/wp-json\/wp\/v2\/posts\/27470\/revisions"}],"predecessor-version":[{"id":27478,"href":"http:\/\/www.perupesquero.org\/web\/wp-json\/wp\/v2\/posts\/27470\/revisions\/27478"}],"wp:featuredmedia":[{"embeddable":true,"href":"http:\/\/www.perupesquero.org\/web\/wp-json\/wp\/v2\/media\/27471"}],"wp:attachment":[{"href":"http:\/\/www.perupesquero.org\/web\/wp-json\/wp\/v2\/media?parent=27470"}],"wp:term":[{"taxonomy":"category","embeddable":true,"href":"http:\/\/www.perupesquero.org\/web\/wp-json\/wp\/v2\/categories?post=27470"},{"taxonomy":"post_tag","embeddable":true,"href":"http:\/\/www.perupesquero.org\/web\/wp-json\/wp\/v2\/tags?post=27470"}],"curies":[{"name":"wp","href":"https:\/\/api.w.org\/{rel}","templated":true}]}}