{"id":27346,"date":"2023-06-20T18:36:54","date_gmt":"2023-06-20T23:36:54","guid":{"rendered":"http:\/\/www.perupesquero.org\/web\/?p=27346"},"modified":"2023-06-20T18:41:36","modified_gmt":"2023-06-20T23:41:36","slug":"peru-descartan-abrir-primera-temporada-de-pesca-de-anchoveta","status":"publish","type":"post","link":"http:\/\/www.perupesquero.org\/web\/peru-descartan-abrir-primera-temporada-de-pesca-de-anchoveta\/","title":{"rendered":"Per\u00fa: Descartan abrir primera temporada de pesca de anchoveta"},"content":{"rendered":"<p>El ministro de la Producci\u00f3n, Ra\u00fal P\u00e9rez Reyes, sostuvo hoy que no est\u00e1n dadas las condiciones para abrir la primera temporada de pesca del recurso anchoveta (Engraulis ringens) en la zona centro-norte.<\/p>\n<p><em>\u00a0<\/em>En principio, no tendr\u00eda por qu\u00e9 haber temporada corta de pesca, dijo P\u00e9rez Reyes, posiblemente en alusi\u00f3n a las \u00faltimas declaraciones de la Presidenta Sociedad Nacional de Pesquer\u00eda, Cayetana Aljov\u00edn, que sosten\u00eda, \u201cque tendr\u00edamos una corta, muy corta, primera temporada de pesca de anchoveta\u201d.<\/p>\n<p><em>\u00a0<\/em>\u201cSalvo que cambien notablemente las condiciones de temperatura y que no estemos en el ciclo de desove es que podr\u00eda evaluarse, pero en estos momentos no est\u00e1n dadas las condiciones\u201d, declar\u00f3 el titular de la Producci\u00f3n.<\/p>\n<p>Explic\u00f3 que las altas temperaturas del mar, relacionado con el\u00a0Fen\u00f3meno de El Ni\u00f1o global, han dispersado el recurso pesquero.<\/p>\n<p>\u201cVamos a esperar a ver qu\u00e9 pasa con la temperatura del mar. La disminuci\u00f3n importante de la temperatura gatillar\u00e1 a que Imarpe salga a realizar su trabajo de investigaci\u00f3n oceanogr\u00e1fica y ah\u00ed miraremos lo que est\u00e1 ocurriendo\u201d, sostuvo.<\/p>\n<p>Asimismo, revel\u00f3 que en los meses de julio y agosto se inicia el periodo de desove de la anchoveta, porque un periodo de temporada de pesca en esas fechas\u00a0tambi\u00e9n es poco probable.<\/p>\n<p>\u201cLa investigaci\u00f3n oceanogr\u00e1fica de Imarpe no solo va a mirar la temperatura, sino tambi\u00e9n el ciclo reproductivo del recurso\u201d, subray\u00f3.<\/p>\n<p>En ese contexto, afirm\u00f3 que la expectativa del Ejecutivo es abrir la segunda temporada de pesca, pero dicha autorizaci\u00f3n\u00a0estar\u00e1 ligada a las consecuencias que puede traer el Fen\u00f3meno del Ni\u00f1o.<\/p>\n<p>Medidas paliativas<\/p>\n<p>Seguidamente, el ministro anunci\u00f3 que viene coordinando con el Ministerio de Econom\u00eda y Finanzas (MEF) para adoptar medidas paliativas en favor de las tripulaciones de las embarcaciones pesqueras.<\/p>\n<p>Con informaci\u00f3n de Andina<\/p>\n<p>&nbsp;<\/p>\n<p>&nbsp;<\/p>\n","protected":false},"excerpt":{"rendered":"<p>El ministro de la Producci\u00f3n, Ra\u00fal P\u00e9rez Reyes, sostuvo hoy que no est\u00e1n dadas las condiciones para abrir la primera temporada de pesca del recurso anchoveta (Engraulis ringens) en la zona centro-norte. \u00a0En principio, no tendr\u00eda por qu\u00e9 haber temporada corta de pesca, dijo P\u00e9rez Reyes, posiblemente en alusi\u00f3n a las \u00faltimas declaraciones de la [&hellip;]<\/p>\n","protected":false},"author":2,"featured_media":26806,"comment_status":"open","ping_status":"open","sticky":false,"template":"","format":"standard","meta":{"footnotes":""},"categories":[63],"tags":[],"class_list":["post-27346","post","type-post","status-publish","format-standard","has-post-thumbnail","hentry","category-noticias"],"_links":{"self":[{"href":"http:\/\/www.perupesquero.org\/web\/wp-json\/wp\/v2\/posts\/27346","targetHints":{"allow":["GET"]}}],"collection":[{"href":"http:\/\/www.perupesquero.org\/web\/wp-json\/wp\/v2\/posts"}],"about":[{"href":"http:\/\/www.perupesquero.org\/web\/wp-json\/wp\/v2\/types\/post"}],"author":[{"embeddable":true,"href":"http:\/\/www.perupesquero.org\/web\/wp-json\/wp\/v2\/users\/2"}],"replies":[{"embeddable":true,"href":"http:\/\/www.perupesquero.org\/web\/wp-json\/wp\/v2\/comments?post=27346"}],"version-history":[{"count":2,"href":"http:\/\/www.perupesquero.org\/web\/wp-json\/wp\/v2\/posts\/27346\/revisions"}],"predecessor-version":[{"id":27348,"href":"http:\/\/www.perupesquero.org\/web\/wp-json\/wp\/v2\/posts\/27346\/revisions\/27348"}],"wp:featuredmedia":[{"embeddable":true,"href":"http:\/\/www.perupesquero.org\/web\/wp-json\/wp\/v2\/media\/26806"}],"wp:attachment":[{"href":"http:\/\/www.perupesquero.org\/web\/wp-json\/wp\/v2\/media?parent=27346"}],"wp:term":[{"taxonomy":"category","embeddable":true,"href":"http:\/\/www.perupesquero.org\/web\/wp-json\/wp\/v2\/categories?post=27346"},{"taxonomy":"post_tag","embeddable":true,"href":"http:\/\/www.perupesquero.org\/web\/wp-json\/wp\/v2\/tags?post=27346"}],"curies":[{"name":"wp","href":"https:\/\/api.w.org\/{rel}","templated":true}]}}