{"id":27334,"date":"2023-06-18T16:31:05","date_gmt":"2023-06-18T21:31:05","guid":{"rendered":"http:\/\/www.perupesquero.org\/web\/?p=27334"},"modified":"2023-06-18T16:32:08","modified_gmt":"2023-06-18T21:32:08","slug":"pescadores-de-fukushima-efectos-de-descarga-radiactiva-en-el-oceano","status":"publish","type":"post","link":"http:\/\/www.perupesquero.org\/web\/pescadores-de-fukushima-efectos-de-descarga-radiactiva-en-el-oceano\/","title":{"rendered":"Pescadores de Fukushima efectos de descarga radiactiva en el oc\u00e9ano"},"content":{"rendered":"<p>Tras m\u00e1s de una d\u00e9cada lastrados por la crisis nuclear de 2011, los pescadores de Fukushima temen ahora que el inminente vertido al Pac\u00edfico de agua residual de la planta at\u00f3mica siniestrada torpedee sus esfuerzos para volver a la normalidad.<\/p>\n<p>Las restricciones sobre la pesca local a ra\u00edz del accidente at\u00f3mico se levantaron por completo en 2021, aunque las limitaciones de capturas por motivos de sostenibilidad y el estigma nuclear hacen que las actividades pesqueras se mantengan muy por debajo del nivel previo al desastre.<\/p>\n<p>Los pescadores de Fukushima, en su d\u00eda uno de los caladeros con m\u00e1s renombre de Jap\u00f3n, ven venir ahora un nuevo golpe para su reputaci\u00f3n:\u00a0<a href=\"https:\/\/efe.com\/?p=499438\">la descarga al oc\u00e9ano de toneladas de agua radiactiva y depurada de la central,<\/a>\u00a0medida a la que se oponen con firmeza pese a las compensaciones y a las garant\u00edas de seguridad que ofrecen las autoridades niponas.<\/p>\n<p>En la lonja de Soma, a unos 50 kil\u00f3metros al norte de la planta at\u00f3mica accidentada, la captura del d\u00eda m\u00e1s abundante es pulpo, calamar y platija. Decenas de operarios descargan con rapidez el pescado fresco y lo transportan en cubos y cajas al mercado mayorista en una nave a pocos metros de donde amarran los barcos de arrastre.<\/p>\n<p>Los productos marinos aqu\u00ed capturados, as\u00ed como en otros puntos de la costa de Fukushima, son objeto de constantes an\u00e1lisis de radiactividad desde 2011 por parte de las autoridades niponas. Los resultados, que se hacen p\u00fablicos, muestran niveles dentro de los l\u00edmites nacionales en pr\u00e1cticamente la totalidad de las muestras.<\/p>\n<p>Pese a esta monitorizaci\u00f3n y a sucesivas campa\u00f1as de informaci\u00f3n para borrar el estigma radiactivo del pescado y otros alimentos originarios de esta regi\u00f3n, estos a\u00fan son vistos con desconfianza por consumidores de todo Jap\u00f3n e incluso escasean en los supermercados locales.<\/p>\n<p>\u201cSentimos que sigue habiendo todav\u00eda una influencia negativa\u201d, dice a EFE Tomomitsu Konno, presidente de la cooperativa pesquera de Soma-Futaba, quien no obstante considera que los an\u00e1lisis de las capturas \u201cest\u00e1n mejorando poco a poco\u201d la imagen de sus productos.<\/p>\n<p>A\u00fan as\u00ed, Konno estima que las actividades pesqueras apenas se han recuperado un 20 o un 30 por ciento respecto a niveles previos al desastre.<\/p>\n<p>Marejada a la vista<\/p>\n<p>El Gobierno japon\u00e9s y la operadora de la central accidentada, TEPCO, tienen previsto comenzar este verano la descarga al Pac\u00edfico de unos 1,32 millones de toneladas de agua contaminada de la central, tras ser procesada para retirarle la mayor\u00eda de los is\u00f3topos radiactivos (salvo el tritio) y mezclada con agua marina.<\/p>\n<p>Las autoridades niponas mantienen que el vertido tendr\u00e1 una concentraci\u00f3n de tritio muy por debajo del tope legal establecido para el agua potable.<\/p>\n<p>Adem\u00e1s, se tomar\u00e1n muestras de agua marina y de fauna acu\u00e1tica de la zona antes y durante la descarga para analizar su impacto medioambiental, en un proceso de supervisi\u00f3n en el que participar\u00e1n tanto TEPCO como el Organismo Internacional de la Energ\u00eda At\u00f3mica (OIEA) y laboratorios independientes.<\/p>\n<p>Rechazo al vertido<\/p>\n<p>Nada de esto ha bastado para convencer a los pescadores de la zona, que se mantienen inamovibles en su rechazo al vertido desde que el Gobierno japon\u00e9s aprob\u00f3 la medida en 2021. El Ejecutivo trata desde entonces de ganarse su comprensi\u00f3n con reuniones explicativas y con medidas de apoyo econ\u00f3mico.<\/p>\n<p>\u201cEstamos en contra todas las asociaciones pesqueras a nivel nacional y las de Fukushima\u201d, dice Konno, quien asisti\u00f3 la semana pasada a un encuentro sobre el tema con el Gobierno.<\/p>\n<p>Konno admite que se trata de una \u201csituaci\u00f3n dif\u00edcil\u201d, ya que entienden que el vertido \u201ces una tarea necesaria\u201d en el proceso de desmantelamiento de la planta, donde se agota el espacio para almacenar el l\u00edquido contaminado y depurado.<\/p>\n<p>El responsable de la cooperativa de Soma-Futaba tambi\u00e9n muestra sus dudas sobre la eficacia de las medidas propuestas por el Gobierno para mitigar el impacto de la descarga en sus actividades, y conf\u00eda en que \u201cse hagan todos los esfuerzos posibles\u201d en ese sentido.<\/p>\n<p>El vertido llega despu\u00e9s de que la mayor\u00eda de los pa\u00edses y territorios que impon\u00edan restricciones a las importaciones de productos de Fukushima a ra\u00edz del accidente de 2011 hayan levantado total o parcialmente estas medidas.<\/p>\n<p>China y el Foro de Pa\u00edses del Pac\u00edfico han manifestado su oposici\u00f3n a la descarga al Pac\u00edfico, mientras que Hong Kong, el segundo mayor mercado mundial de las exportaciones alimentarias niponas, ha amenazado con vetar los productos procedentes de Fukushima si el vertido sigue adelante.<\/p>\n<p>Fuente: EFE<\/p>\n","protected":false},"excerpt":{"rendered":"<p>Tras m\u00e1s de una d\u00e9cada lastrados por la crisis nuclear de 2011, los pescadores de Fukushima temen ahora que el inminente vertido al Pac\u00edfico de agua residual de la planta at\u00f3mica siniestrada torpedee sus esfuerzos para volver a la normalidad. Las restricciones sobre la pesca local a ra\u00edz del accidente at\u00f3mico se levantaron por completo [&hellip;]<\/p>\n","protected":false},"author":2,"featured_media":27335,"comment_status":"open","ping_status":"open","sticky":false,"template":"","format":"standard","meta":{"footnotes":""},"categories":[63],"tags":[],"class_list":["post-27334","post","type-post","status-publish","format-standard","has-post-thumbnail","hentry","category-noticias"],"_links":{"self":[{"href":"http:\/\/www.perupesquero.org\/web\/wp-json\/wp\/v2\/posts\/27334","targetHints":{"allow":["GET"]}}],"collection":[{"href":"http:\/\/www.perupesquero.org\/web\/wp-json\/wp\/v2\/posts"}],"about":[{"href":"http:\/\/www.perupesquero.org\/web\/wp-json\/wp\/v2\/types\/post"}],"author":[{"embeddable":true,"href":"http:\/\/www.perupesquero.org\/web\/wp-json\/wp\/v2\/users\/2"}],"replies":[{"embeddable":true,"href":"http:\/\/www.perupesquero.org\/web\/wp-json\/wp\/v2\/comments?post=27334"}],"version-history":[{"count":2,"href":"http:\/\/www.perupesquero.org\/web\/wp-json\/wp\/v2\/posts\/27334\/revisions"}],"predecessor-version":[{"id":27337,"href":"http:\/\/www.perupesquero.org\/web\/wp-json\/wp\/v2\/posts\/27334\/revisions\/27337"}],"wp:featuredmedia":[{"embeddable":true,"href":"http:\/\/www.perupesquero.org\/web\/wp-json\/wp\/v2\/media\/27335"}],"wp:attachment":[{"href":"http:\/\/www.perupesquero.org\/web\/wp-json\/wp\/v2\/media?parent=27334"}],"wp:term":[{"taxonomy":"category","embeddable":true,"href":"http:\/\/www.perupesquero.org\/web\/wp-json\/wp\/v2\/categories?post=27334"},{"taxonomy":"post_tag","embeddable":true,"href":"http:\/\/www.perupesquero.org\/web\/wp-json\/wp\/v2\/tags?post=27334"}],"curies":[{"name":"wp","href":"https:\/\/api.w.org\/{rel}","templated":true}]}}