{"id":27331,"date":"2023-06-18T15:17:57","date_gmt":"2023-06-18T20:17:57","guid":{"rendered":"http:\/\/www.perupesquero.org\/web\/?p=27331"},"modified":"2023-06-18T15:17:57","modified_gmt":"2023-06-18T20:17:57","slug":"sociedad-nacional-de-industrias-estima-un-crecimiento-del-chd-en-8-6-en-el-2023","status":"publish","type":"post","link":"http:\/\/www.perupesquero.org\/web\/sociedad-nacional-de-industrias-estima-un-crecimiento-del-chd-en-8-6-en-el-2023\/","title":{"rendered":"Sociedad Nacional de Industrias estima un crecimiento del CHD en 8.6% en el 2023"},"content":{"rendered":"<p>El presidente del Comit\u00e9 de Pesca y Acuicultura de la Sociedad Nacional de Industrias (S.N.I.), Alfonso Miranda Eyzaguirre afirm\u00f3 que la finalizaci\u00f3n de la pesca exploratoria de anchoveta en la zona norte &#8211; centro, se debe a irrefutables razones biol\u00f3gicas y ambientales, hecho que tendr\u00e1 un efecto negativo en los indicadores del sector en el presente a\u00f1o y en la producci\u00f3n mundial de alimentos para la acuicultura.<\/p>\n<p>Sin embargo, manifest\u00f3 que el buen desempe\u00f1o de la pesca orientada al consumo humano directo (CHD) atenuar\u00eda parcialmente esta disminuci\u00f3n, ya que se le estima un crecimiento de 8.6% para el 2023.<\/p>\n<p>Al referirse a los t\u00e9rminos laborales, indic\u00f3 que la actividad pesquera del \u00e1mbito mar\u00edtimo de CHD en el \u00faltimo quinquenio (2018-2022) ha contribuido con 92 % de los puestos formales de trabajo en el sector pesquero.<\/p>\n<p>\u201cTodo esto se ha conseguido, a pesar de las zancadillas y obst\u00e1culos que afectan a los pescadores y emprendedores de la pesca y a la incomprensi\u00f3n de agencias p\u00fablicas que acosan a los formales y parecieran despejar el camino para la ilegalidad que opera a vista y paciencia de todos\u201d, sostuvo Miranda Eyzaguirre.<\/p>\n<p>En ese sentido, dijo que, si se tuviera una Pol\u00edtica Nacional de Pesca, la cual reci\u00e9n ha comenzado a formularse y la promoci\u00f3n de la acuicultura, hubiera tenido la misma suerte que la actividad agr\u00edcola en los \u00faltimos 23 a\u00f1os.<\/p>\n<p>El empresario pesquero sostuvo de manera rotunda que se tendr\u00eda a un sector pesquero y acu\u00edcola para consumo humano competitivo que liderar\u00eda un crecimiento sostenido en el pa\u00eds.<\/p>\n<p>Miranda Eyzaguirre dijo que, a pesar de la ca\u00edda de los precios en referencia a las principales especies marinas de nuestro pa\u00eds, se compensar\u00eda con un mayor valor agregado a incluirse.<\/p>\n<p>Por ejemplo, inform\u00f3 que la pota, al bajar en su precio, se le ha compensado con un mayor valor agregado a fin de mantener su alta demanda en el mercado internacional.<\/p>\n<p>Agreg\u00f3 que situaci\u00f3n similar se produce con las otras especies marinas como el bonito, perico, at\u00fan y conchas de abanico, entre otras.<\/p>\n<p>\u201cNo ver\u00edamos tan lejanos a nuestros vecinos Chile y Ecuador que se disputan los primeros lugares entre los grandes productores del mundo como China y Noruega. Basta de perder oportunidades, dejemos de ponerle freno al Per\u00fa\u201d, sentenci\u00f3.<\/p>\n","protected":false},"excerpt":{"rendered":"<p>El presidente del Comit\u00e9 de Pesca y Acuicultura de la Sociedad Nacional de Industrias (S.N.I.), Alfonso Miranda Eyzaguirre afirm\u00f3 que la finalizaci\u00f3n de la pesca exploratoria de anchoveta en la zona norte &#8211; centro, se debe a irrefutables razones biol\u00f3gicas y ambientales, hecho que tendr\u00e1 un efecto negativo en los indicadores del sector en el [&hellip;]<\/p>\n","protected":false},"author":2,"featured_media":27332,"comment_status":"open","ping_status":"open","sticky":false,"template":"","format":"standard","meta":{"footnotes":""},"categories":[63],"tags":[],"class_list":["post-27331","post","type-post","status-publish","format-standard","has-post-thumbnail","hentry","category-noticias"],"_links":{"self":[{"href":"http:\/\/www.perupesquero.org\/web\/wp-json\/wp\/v2\/posts\/27331","targetHints":{"allow":["GET"]}}],"collection":[{"href":"http:\/\/www.perupesquero.org\/web\/wp-json\/wp\/v2\/posts"}],"about":[{"href":"http:\/\/www.perupesquero.org\/web\/wp-json\/wp\/v2\/types\/post"}],"author":[{"embeddable":true,"href":"http:\/\/www.perupesquero.org\/web\/wp-json\/wp\/v2\/users\/2"}],"replies":[{"embeddable":true,"href":"http:\/\/www.perupesquero.org\/web\/wp-json\/wp\/v2\/comments?post=27331"}],"version-history":[{"count":1,"href":"http:\/\/www.perupesquero.org\/web\/wp-json\/wp\/v2\/posts\/27331\/revisions"}],"predecessor-version":[{"id":27333,"href":"http:\/\/www.perupesquero.org\/web\/wp-json\/wp\/v2\/posts\/27331\/revisions\/27333"}],"wp:featuredmedia":[{"embeddable":true,"href":"http:\/\/www.perupesquero.org\/web\/wp-json\/wp\/v2\/media\/27332"}],"wp:attachment":[{"href":"http:\/\/www.perupesquero.org\/web\/wp-json\/wp\/v2\/media?parent=27331"}],"wp:term":[{"taxonomy":"category","embeddable":true,"href":"http:\/\/www.perupesquero.org\/web\/wp-json\/wp\/v2\/categories?post=27331"},{"taxonomy":"post_tag","embeddable":true,"href":"http:\/\/www.perupesquero.org\/web\/wp-json\/wp\/v2\/tags?post=27331"}],"curies":[{"name":"wp","href":"https:\/\/api.w.org\/{rel}","templated":true}]}}