{"id":27322,"date":"2023-06-15T23:31:43","date_gmt":"2023-06-16T04:31:43","guid":{"rendered":"http:\/\/www.perupesquero.org\/web\/?p=27322"},"modified":"2023-06-15T23:31:43","modified_gmt":"2023-06-16T04:31:43","slug":"el-nino-comienza-a-impactar-en-la-industria-pesquera-de-ecuador","status":"publish","type":"post","link":"http:\/\/www.perupesquero.org\/web\/el-nino-comienza-a-impactar-en-la-industria-pesquera-de-ecuador\/","title":{"rendered":"El Ni\u00f1o comienza a impactar en la industria pesquera de Ecuador"},"content":{"rendered":"<p><em><strong>La C\u00e1mara de Pesquer\u00eda registra un 9% de ca\u00edda de exportaciones en lo que va del a\u00f1o. El aumento de temperaturas en el oc\u00e9ano Pac\u00edfico ralentiza la captura de at\u00fan desde hace mes y medio. Pescadores artesanales reportan disminuci\u00f3n de hasta el 30% en la pesca.<\/strong><\/em><\/p>\n<p>Al at\u00fan tropical se lo conoce como el pez sin patria. Se trata de una especie altamente migratoria que recorre los oc\u00e9anos, asociada a corrientes y temperaturas entre los 24 y 27 grados. Cuando eventos como El Ni\u00f1o cambian las condiciones, los atunes migran.<\/p>\n<p>La C\u00e1mara Nacional de Pesquer\u00eda, que el a\u00f1o pasado sum\u00f3 exportaciones por USD 2.000 millones, registra un 9% de disminuci\u00f3n de exportaci\u00f3n en lo que va de 2023. Y esa brecha responde a una ralentizaci\u00f3n de la captura de at\u00fan, desde hace mes y medio.<br \/>\nEl Ni\u00f1o est\u00e1 oficialmente instalado en el Pac\u00edfico central y se espera que se desarrolle en Ecuador desde julio o inicios de agosto. Sin embargo, sus efectos han comenzado a impactar en la pesca industrial y artesanal.<\/p>\n<p>La Federaci\u00f3n Nacional de Cooperativas Pesqueras Artesanales del Ecuador (Fenacopec) mostr\u00f3 su preocupaci\u00f3n ante el impacto del calentamiento paulatino del mar, frente a las costas. De hecho, el organismo reporta una ca\u00edda del 30% en la captura de peces.<\/p>\n<p>Las anomal\u00edas c\u00e1lidas de temperatura frente a las costas comenzaron en febrero. Gabriela Cruz, presidenta de la Fenacopec, detalla que ante la migraci\u00f3n de especies los pescadores est\u00e1n hallando peces muertos flotando en la superficie del mar, con el tripaje y el interior da\u00f1ados.<\/p>\n<p>La Federaci\u00f3n gestiona ayuda gubernamental y planes de contingencia ante la escasez y posibles p\u00e9rdidas de fuentes de trabajo de persistir estas condiciones, que podr\u00edan tener un impacto de USD 120 millones de p\u00e9rdidas anuales para el sector.<\/p>\n<p>Aumento de temperaturas<\/p>\n<p>En el Pac\u00edfico central se reportaron en mayo incrementos de temperatura de 0,4 grados cent\u00edgrados y frente a las costas de Ecuador aumentaron en 2,23 grados cent\u00edgrados. En el l\u00edmite costero se registran temperaturas de hasta 28 grados y de 30 grados, en el oc\u00e9ano central<\/p>\n<p>El Comit\u00e9 Nacional para el Estudio Regional del Fen\u00f3meno de El Ni\u00f1o (Erfen) advirti\u00f3 que con estas condiciones se espera una disminuci\u00f3n de la pesca de at\u00fan, calamar gigante, corvina, merluza y especies pel\u00e1gicas peque\u00f1as (como sardina, pinchagua y macarela).<\/p>\n<p>Por el contrario, se esperar\u00eda un aumento en la disponibilidad en los mares de camar\u00f3n marino y de peces como el dorado.<\/p>\n<p>El comandante Carlos Zapata, director del Instituto Oceanogr\u00e1fico y Ant\u00e1rtico de la Armada (Inocar), explic\u00f3 que especies como el at\u00fan migran y escasean en aguas m\u00e1s c\u00e1lidas.<\/p>\n<p>Pero el calentamiento tambi\u00e9n disminuye el nivel de nutrientes en el mar, dijo. Y termina por afectar la biomasa de fitoplancton en la base de la cadena alimenticia acu\u00e1tica, lo que repercute en menos pesca.<\/p>\n<p>Pesca de at\u00fan<\/p>\n<p>Bruno Leone, presidente de la C\u00e1mara Nacional de Pesquer\u00eda, sostuvo que la magnitud de El Ni\u00f1o en los pr\u00f3ximos meses puede incrementar la brecha en la ca\u00edda del volumen de otras conservas.<\/p>\n<p>En lo que va del a\u00f1o, la disminuci\u00f3n es de un 9% en las exportaciones de at\u00fan. La captura de at\u00fan comenz\u00f3 a disminuir a finales de abril.<\/p>\n<p>\u201cLos viajes se han hecho m\u00e1s largos, un barco normalmente viaja de 40 a 45 d\u00edas para cubrir su cupo. Ahora se est\u00e1n demorando 60 d\u00edas, para capturar lo mismo o vuelven con menor cantidad de pesca\u201d, dijo.<\/p>\n<p>El aumento de costos va a repercutir en el precio en los mercados de mariscos nacionales y en el de los productos de exportaci\u00f3n, seg\u00fan Leone. Aunque asegur\u00f3 que el at\u00fan admite poca elasticidad en el incremento de precio en percha, pues el consumidor puede optar por migrar a otra prote\u00edna.<\/p>\n<p>El sector ven\u00eda creciendo dos a\u00f1os seguidos a ritmo de entre el 8% y 9%, pero el a\u00f1o pasado decreci\u00f3 la industria pesquera. Los 30 meses de duraci\u00f3n de La Ni\u00f1a, con aguas m\u00e1s fr\u00edas, tambi\u00e9n impactaron en los niveles de capturas.<\/p>\n<p>Aumento del nivel del mar<\/p>\n<p>El nivel del mar ha aumentado como consecuencia de El Ni\u00f1o, por ahora a entre 10 y 15 cent\u00edmetros, seg\u00fan el Inocar.<\/p>\n<p>Eso provoca que las mareas tarden m\u00e1s en bajar y limita el tiempo de captura de los cangrejeros en los manglares.<\/p>\n<p>La Fenacopec pide revisar la veda del cangrejo de agosto. Los pescadores artesanales mantuvieron este mi\u00e9rcoles 14 de junio del 2023 una reuni\u00f3n con el viceministro de Pesca y Acuacultura, Andr\u00e9 Arens, para tratar los impactos que vienen sufriendo desde hace cuatro semanas.<\/p>\n<p>En julio se realiza adem\u00e1s la veda del dorado, un recurso cuya presencia aumenta con El Ni\u00f1o. Y los pescadores acordaron realizar una mesa t\u00e9cnica con el Instituto P\u00fablico de Investigaci\u00f3n de Acuicultura y Pesca (Ipiap) para levantar la veda como compensaci\u00f3n.<\/p>\n<p>\u201cEstamos planteando tambi\u00e9n la creaci\u00f3n de incentivos a la pesca artesanal porque vamos a tener grandes problemas con El Ni\u00f1o\u201d, dijo Cruz, presidenta de la Fenacopec. En cambio, desde la Federaci\u00f3n reportan abundante captura de camar\u00f3n marino al punto que los precios se sit\u00faan en USD 2.50 la libra, en promedio, pero han ca\u00eddo hasta USD 1.50.<\/p>\n<p>Menos sardinas y balanceado para camarones El presidente de la C\u00e1mara de Pesquer\u00eda recuerda que fen\u00f3meno de El Ni\u00f1o de 1997 quebr\u00f3 a empresas del sector. Sobre todo, a las del \u00e1rea de los pel\u00e1gicos peque\u00f1os.<\/p>\n<p>Las especies como sardina, pinchagua y macarela se enlatan en conservas, mientras que otros peces peque\u00f1os -como botellita, carita y hojita- se usan en la producci\u00f3n de la harina de pescado. Se trata del ingrediente principal del alimento balanceado para el camar\u00f3n.<\/p>\n<p>En 2022, por La Ni\u00f1a ya escasearon este tipo de peces y las plantas productoras de Ecuador tuvieron que abastecerse en Per\u00fa.<\/p>\n<p>Pero ahora, El Ni\u00f1o tambi\u00e9n prev\u00e9 impactar a Per\u00fa. Adem\u00e1s, parte del sector camaronero ha aumentado la densidad de siembra para compensar bajas con el precio en el mercado internacional.<\/p>\n<p>Y eso implica mayor cantidad de larvas por\u00a0hect\u00e1reas y una demanda de m\u00e1s alimento balanceado, agreg\u00f3 Leone. Log\u00edstica y cr\u00e9dito La flota atunera del pa\u00eds es de 110 barcos y no se detendr\u00e1 a pesar de que la pesca se pueda reducir en m\u00e1s del 10% en los pr\u00f3ximos meses.<\/p>\n<p>Pero por la experiencia de El Ni\u00f1o de 1997 y 1998, cuando la v\u00eda Guayaquil-Manta colaps\u00f3, creen que ser\u00e1 crucial mantener operativa la infraestructura vial. Pues ello implica poder\u00a0mover producci\u00f3n a los puertos, trasladar materia prima y a trabajadores.<\/p>\n<p>El ministro de Transporte y Obras P\u00fablicas, C\u00e9sar Rohon, inform\u00f3 al sector pesquero que se gestiona financiaci\u00f3n con el Banco Mundial.<\/p>\n<p>La idea es contratar la compra de puentes bailey y establecer campamentos con constructoras en \u00e1reas cr\u00edticas de afectaci\u00f3n de infraestructura.<\/p>\n<p>Las lluvias en la Costa se podr\u00edan incrementar por El Ni\u00f1o entre noviembre y diciembre.\u00a0Y el otro pedido de sectores como el atunero y camaronero se elev\u00f3 al Ministerio de Producci\u00f3n, Comercio Exterior, Inversiones y Pesca.<\/p>\n<p>La propuesta es contar con una l\u00ednea de cr\u00e9dito de emergencia a disposici\u00f3n de las empresas que puedan contar con liquidez para solucionar impactos en su infraestructura, por ejemplo.<\/p>\n<p>Fuente: Primicias<\/p>\n","protected":false},"excerpt":{"rendered":"<p>La C\u00e1mara de Pesquer\u00eda registra un 9% de ca\u00edda de exportaciones en lo que va del a\u00f1o. El aumento de temperaturas en el oc\u00e9ano Pac\u00edfico ralentiza la captura de at\u00fan desde hace mes y medio. Pescadores artesanales reportan disminuci\u00f3n de hasta el 30% en la pesca. Al at\u00fan tropical se lo conoce como el pez [&hellip;]<\/p>\n","protected":false},"author":2,"featured_media":27323,"comment_status":"open","ping_status":"open","sticky":false,"template":"","format":"standard","meta":{"footnotes":""},"categories":[63],"tags":[],"class_list":["post-27322","post","type-post","status-publish","format-standard","has-post-thumbnail","hentry","category-noticias"],"_links":{"self":[{"href":"http:\/\/www.perupesquero.org\/web\/wp-json\/wp\/v2\/posts\/27322","targetHints":{"allow":["GET"]}}],"collection":[{"href":"http:\/\/www.perupesquero.org\/web\/wp-json\/wp\/v2\/posts"}],"about":[{"href":"http:\/\/www.perupesquero.org\/web\/wp-json\/wp\/v2\/types\/post"}],"author":[{"embeddable":true,"href":"http:\/\/www.perupesquero.org\/web\/wp-json\/wp\/v2\/users\/2"}],"replies":[{"embeddable":true,"href":"http:\/\/www.perupesquero.org\/web\/wp-json\/wp\/v2\/comments?post=27322"}],"version-history":[{"count":1,"href":"http:\/\/www.perupesquero.org\/web\/wp-json\/wp\/v2\/posts\/27322\/revisions"}],"predecessor-version":[{"id":27324,"href":"http:\/\/www.perupesquero.org\/web\/wp-json\/wp\/v2\/posts\/27322\/revisions\/27324"}],"wp:featuredmedia":[{"embeddable":true,"href":"http:\/\/www.perupesquero.org\/web\/wp-json\/wp\/v2\/media\/27323"}],"wp:attachment":[{"href":"http:\/\/www.perupesquero.org\/web\/wp-json\/wp\/v2\/media?parent=27322"}],"wp:term":[{"taxonomy":"category","embeddable":true,"href":"http:\/\/www.perupesquero.org\/web\/wp-json\/wp\/v2\/categories?post=27322"},{"taxonomy":"post_tag","embeddable":true,"href":"http:\/\/www.perupesquero.org\/web\/wp-json\/wp\/v2\/tags?post=27322"}],"curies":[{"name":"wp","href":"https:\/\/api.w.org\/{rel}","templated":true}]}}