{"id":27295,"date":"2023-06-08T23:25:26","date_gmt":"2023-06-09T04:25:26","guid":{"rendered":"http:\/\/www.perupesquero.org\/web\/?p=27295"},"modified":"2023-06-08T23:25:26","modified_gmt":"2023-06-09T04:25:26","slug":"peru-anchoveta-juvenil-no-permite-primera-temporada-de-pesca-2023","status":"publish","type":"post","link":"http:\/\/www.perupesquero.org\/web\/peru-anchoveta-juvenil-no-permite-primera-temporada-de-pesca-2023\/","title":{"rendered":"Per\u00fa: Anchoveta juvenil no permite primera temporada de pesca- 2023"},"content":{"rendered":"<p>El Ministerio de la Producci\u00f3n (<a href=\"https:\/\/rpp.pe\/economia\/economia\/gobierno-evalua-nueva-entrega-del-bono-para-pescadores-artesanales-noticia-1478634\">Produce<\/a>) descart\u00f3 que vaya a iniciarse la primera temporada de pesca pues, porque en los resultados de la<a href=\"https:\/\/rpp.pe\/economia\/economia\/temporada-de-pesca-en-peru-comenzaria-a-fines-de-mayo-noticia-1483222\">\u00a0pesca<\/a>\u00a0exploratoria que realiz\u00f3 el Instituto del Mar del Per\u00fa (Imarpe) hay incidencia de juveniles en un 86.3 % y 77 % en unidades de peso.<\/p>\n<p>Sobre estos resultados el titular de Produce, Ra\u00fal Reyes, si se ejecutan las actividades normales se &#8220;depredar\u00eda el recurso&#8221; y\u00a0&#8220;afectar\u00eda la evoluci\u00f3n de la pesquer\u00eda en los siguientes a\u00f1os&#8221;.<\/p>\n<p>&#8220;Lo m\u00e1s responsable es no iniciar la temporada, de forma que tengamos la posibilidad de que la actividad de se recupere en la medida que el mar recupere la temperatura que necesita la anchoveta\u201d, se\u00f1al\u00f3 P\u00e9rez Reyes.<\/p>\n<p>Sin embargo, el funcionario explic\u00f3 que har\u00e1n un seguimiento de las ondas Kelvin y del comportamiento del cicl\u00f3n del\u00a0<strong>Pac\u00edfico\u00a0<\/strong>durante las pr\u00f3ximas dos o tres semanas. A partir de ello, evaluar\u00e1n un cuarto zarpe de investigaci\u00f3n oceanograf\u00eda.<\/p>\n<p>El ministro tambi\u00e9n detall\u00f3 que registraron una disminuci\u00f3n del peso de la anchoveta adulta entre 12 % a 15 %\u00a0porque esta especie tuvo que desplazarse al fondo del mar para buscar la temperatura que requiere, por lo que ha cambiado de alimentos.<\/p>\n<p>\u201cLas tallas observadas en los desembarques de los primeros tres d\u00edas de pesca exploratoria presentan un rango entre los 7.0 y 15.0 cm de LT, con modo principal de 10.0 cm y moda secundaria en 11.0 cm LT. De igual manera, la incidencia de juveniles alcanza al 86,3% en n\u00famero de individuos y 77% en unidades de peso\u201d, se puede leer en el informe del Imarpe.<\/p>\n<p>Recordemos que la primera temporada de pesca 2023 iba a iniciar el 2 de junio, seg\u00fan la resoluci\u00f3n N\u00b0 000191-2023-PRODUCE\u00a0en el extremo norte del dominio mar\u00edtimo del Per\u00fa; sin embargo, esto estaba sujeto a las conclusiones y recomendaciones de Imarpe.<\/p>\n<p>Fuente: RPP<\/p>\n","protected":false},"excerpt":{"rendered":"<p>El Ministerio de la Producci\u00f3n (Produce) descart\u00f3 que vaya a iniciarse la primera temporada de pesca pues, porque en los resultados de la\u00a0pesca\u00a0exploratoria que realiz\u00f3 el Instituto del Mar del Per\u00fa (Imarpe) hay incidencia de juveniles en un 86.3 % y 77 % en unidades de peso. Sobre estos resultados el titular de Produce, Ra\u00fal [&hellip;]<\/p>\n","protected":false},"author":2,"featured_media":25784,"comment_status":"open","ping_status":"open","sticky":false,"template":"","format":"standard","meta":{"footnotes":""},"categories":[63],"tags":[],"class_list":["post-27295","post","type-post","status-publish","format-standard","has-post-thumbnail","hentry","category-noticias"],"_links":{"self":[{"href":"http:\/\/www.perupesquero.org\/web\/wp-json\/wp\/v2\/posts\/27295","targetHints":{"allow":["GET"]}}],"collection":[{"href":"http:\/\/www.perupesquero.org\/web\/wp-json\/wp\/v2\/posts"}],"about":[{"href":"http:\/\/www.perupesquero.org\/web\/wp-json\/wp\/v2\/types\/post"}],"author":[{"embeddable":true,"href":"http:\/\/www.perupesquero.org\/web\/wp-json\/wp\/v2\/users\/2"}],"replies":[{"embeddable":true,"href":"http:\/\/www.perupesquero.org\/web\/wp-json\/wp\/v2\/comments?post=27295"}],"version-history":[{"count":1,"href":"http:\/\/www.perupesquero.org\/web\/wp-json\/wp\/v2\/posts\/27295\/revisions"}],"predecessor-version":[{"id":27296,"href":"http:\/\/www.perupesquero.org\/web\/wp-json\/wp\/v2\/posts\/27295\/revisions\/27296"}],"wp:featuredmedia":[{"embeddable":true,"href":"http:\/\/www.perupesquero.org\/web\/wp-json\/wp\/v2\/media\/25784"}],"wp:attachment":[{"href":"http:\/\/www.perupesquero.org\/web\/wp-json\/wp\/v2\/media?parent=27295"}],"wp:term":[{"taxonomy":"category","embeddable":true,"href":"http:\/\/www.perupesquero.org\/web\/wp-json\/wp\/v2\/categories?post=27295"},{"taxonomy":"post_tag","embeddable":true,"href":"http:\/\/www.perupesquero.org\/web\/wp-json\/wp\/v2\/tags?post=27295"}],"curies":[{"name":"wp","href":"https:\/\/api.w.org\/{rel}","templated":true}]}}