{"id":27249,"date":"2023-06-01T17:22:52","date_gmt":"2023-06-01T22:22:52","guid":{"rendered":"http:\/\/www.perupesquero.org\/web\/?p=27249"},"modified":"2023-06-01T17:23:15","modified_gmt":"2023-06-01T22:23:15","slug":"raul-perez-reyes-crearemos-un-seguro-para-proteger-de-oleajes-anomalos-a-pescadores","status":"publish","type":"post","link":"http:\/\/www.perupesquero.org\/web\/raul-perez-reyes-crearemos-un-seguro-para-proteger-de-oleajes-anomalos-a-pescadores\/","title":{"rendered":"Ra\u00fal P\u00e9rez Reyes: \u201cCrearemos un seguro para proteger de oleajes an\u00f3malos a pescadores\u201d"},"content":{"rendered":"<p><em><strong>Titular de la Producci\u00f3n anunci\u00f3 que se reproducir\u00e1 el Seguro Agr\u00edcola Catastr\u00f3fico de agricultores para proteger de oleajes a pescadores artesanales. Adelant\u00f3 que presentar\u00e1n el proyecto de Ley al Congreso en la segunda mitad del a\u00f1o.<\/strong><\/em><\/p>\n<p>El ministro de la Producci\u00f3n, Ra\u00fal P\u00e9rez Reyes, inform\u00f3 que se iniciar\u00e1 la creaci\u00f3n de un seguro para proteger de los oleajes an\u00f3malos a los pescadores artesanales con tripulantes de embarcaciones industriales.<\/p>\n<p>La medida tratar\u00e1 el tema de los oleajes an\u00f3malos. Para ello, se realizaron estudios respectivos. \u201cEsta especie de seguro ser\u00e1 para que cuando se presenten estos oleajes por un per\u00edodo largo y que pueda compensar a los pescadores artesanales\u201d, manifest\u00f3 el ministro.<\/p>\n<p>\u201cContratar\u00edamos a una empresa de seguros internacional que haga las coberturas y, cuando se active, simplemente se paga al pescador. Para que esto sea efectivo se requiere una base de datos actualizada, pues los oleajes an\u00f3malos ocurren en toda la costa peruana, por lo que un pescador artesanal, en alg\u00fan momento, lo necesitar\u00e1\u201d, se\u00f1al\u00f3 P\u00e9rez Reyes.<\/p>\n<p>Finalmente, el ministro de la Producci\u00f3n sostuvo que para la elaboraci\u00f3n de un proyecto de Ley tiene que pasar antes por el Congreso, por lo que prev\u00e9 presentarlo en el segundo semestre del a\u00f1o y, una vez que se apruebe, lo promulgaremos de inmediato para su aplicaci\u00f3n a inicios del 2024.<\/p>\n","protected":false},"excerpt":{"rendered":"<p>Titular de la Producci\u00f3n anunci\u00f3 que se reproducir\u00e1 el Seguro Agr\u00edcola Catastr\u00f3fico de agricultores para proteger de oleajes a pescadores artesanales. Adelant\u00f3 que presentar\u00e1n el proyecto de Ley al Congreso en la segunda mitad del a\u00f1o. El ministro de la Producci\u00f3n, Ra\u00fal P\u00e9rez Reyes, inform\u00f3 que se iniciar\u00e1 la creaci\u00f3n de un seguro para proteger [&hellip;]<\/p>\n","protected":false},"author":2,"featured_media":26996,"comment_status":"open","ping_status":"open","sticky":false,"template":"","format":"standard","meta":{"footnotes":""},"categories":[63],"tags":[],"class_list":["post-27249","post","type-post","status-publish","format-standard","has-post-thumbnail","hentry","category-noticias"],"_links":{"self":[{"href":"http:\/\/www.perupesquero.org\/web\/wp-json\/wp\/v2\/posts\/27249","targetHints":{"allow":["GET"]}}],"collection":[{"href":"http:\/\/www.perupesquero.org\/web\/wp-json\/wp\/v2\/posts"}],"about":[{"href":"http:\/\/www.perupesquero.org\/web\/wp-json\/wp\/v2\/types\/post"}],"author":[{"embeddable":true,"href":"http:\/\/www.perupesquero.org\/web\/wp-json\/wp\/v2\/users\/2"}],"replies":[{"embeddable":true,"href":"http:\/\/www.perupesquero.org\/web\/wp-json\/wp\/v2\/comments?post=27249"}],"version-history":[{"count":1,"href":"http:\/\/www.perupesquero.org\/web\/wp-json\/wp\/v2\/posts\/27249\/revisions"}],"predecessor-version":[{"id":27250,"href":"http:\/\/www.perupesquero.org\/web\/wp-json\/wp\/v2\/posts\/27249\/revisions\/27250"}],"wp:featuredmedia":[{"embeddable":true,"href":"http:\/\/www.perupesquero.org\/web\/wp-json\/wp\/v2\/media\/26996"}],"wp:attachment":[{"href":"http:\/\/www.perupesquero.org\/web\/wp-json\/wp\/v2\/media?parent=27249"}],"wp:term":[{"taxonomy":"category","embeddable":true,"href":"http:\/\/www.perupesquero.org\/web\/wp-json\/wp\/v2\/categories?post=27249"},{"taxonomy":"post_tag","embeddable":true,"href":"http:\/\/www.perupesquero.org\/web\/wp-json\/wp\/v2\/tags?post=27249"}],"curies":[{"name":"wp","href":"https:\/\/api.w.org\/{rel}","templated":true}]}}