{"id":27246,"date":"2023-06-01T16:52:53","date_gmt":"2023-06-01T21:52:53","guid":{"rendered":"http:\/\/www.perupesquero.org\/web\/?p=27246"},"modified":"2023-06-01T16:54:44","modified_gmt":"2023-06-01T21:54:44","slug":"peru-exploracion-con-embarcaciones-definira-primera-temporada-2023","status":"publish","type":"post","link":"http:\/\/www.perupesquero.org\/web\/peru-exploracion-con-embarcaciones-definira-primera-temporada-2023\/","title":{"rendered":"Per\u00fa: Exploraci\u00f3n con \u201cembarcaciones\u201d definir\u00e1 primera temporada 2023"},"content":{"rendered":"<p>El ministro de la Producci\u00f3n, Ra\u00fal P\u00e9rez Reyes, sostuvo en el Diario El Peruano, que debido a los oleajes an\u00f3malos que se vienen registrando en el mar peruano, decidi\u00f3 aplazar por una semana m\u00e1s, el inicio de la primera temporada de anchoveta centro- norte 2023, pero la resoluci\u00f3n para la pesca exploratoria [con embarcaciones] saldr\u00eda esta semana.<\/p>\n<p>Aunque, en sus declaraciones no dio detalles del total de d\u00edas, que utilizar\u00e1n para el desarrollo de la exploraci\u00f3n, pero fuentes de todo cr\u00e9dito indicaron que ser\u00edan 7 d\u00edas. La investigaci\u00f3n pesquera se iniciar\u00eda el 3 y culminar\u00eda el 10 de junio, luego de este periodo se tendr\u00eda la informaci\u00f3n para que Produce tome una decisi\u00f3n espec\u00edfica sobre la primera temporada de pesca.<\/p>\n<p>Para nadie es un secreto, que esta temporada podr\u00eda ser una de las m\u00e1s dif\u00edciles en los diez a\u00f1os que han pasado, debido a las anomal\u00edas en la temperatura superficial del mar, aunque no sea tan alta como en los meses de marzo y abril, pero seguir\u00e1 por encima del promedio hasta diciembre.<\/p>\n<p>Tambi\u00e9n manifest\u00f3 en El Peruano, que se modernizar\u00e1n un paquete de ocho desembarcaderos pesqueros artesanales con el esquema de gobierno a gobierno. Aunque en realidad ser\u00e1n seis y dos rompeolas, inform\u00f3 P\u00e9rez Reyes.<\/p>\n<p>As\u00ed mismo, los desembarcaderos incluidos en el paquete son: Moquegua, Arequipa, La Libertad, Lambayeque, Ica y Bah\u00eda Blanca en Ventanilla. As\u00ed tambi\u00e9n, los puertos donde se modernizar\u00e1 los desembarcaderos de manera total, en cu\u00e1les solo se har\u00e1 un muelle de atraque y en cu\u00e1les se instalar\u00e1 el rompeolas est\u00e1n: Mollendito, Barco Hundido, Corralitos y Las Enfermeras por el sur; y en Malabrigo, Salaverry y San Jos\u00e9 por el norte, adem\u00e1s de Bah\u00eda Blanca en el Callao. Tambi\u00e9n efectuamos estudios en playas de Ica, resalt\u00f3 el ministro.<\/p>\n<p>&nbsp;<\/p>\n<p>&nbsp;<\/p>\n","protected":false},"excerpt":{"rendered":"<p>El ministro de la Producci\u00f3n, Ra\u00fal P\u00e9rez Reyes, sostuvo en el Diario El Peruano, que debido a los oleajes an\u00f3malos que se vienen registrando en el mar peruano, decidi\u00f3 aplazar por una semana m\u00e1s, el inicio de la primera temporada de anchoveta centro- norte 2023, pero la resoluci\u00f3n para la pesca exploratoria [con embarcaciones] saldr\u00eda [&hellip;]<\/p>\n","protected":false},"author":2,"featured_media":26749,"comment_status":"open","ping_status":"open","sticky":false,"template":"","format":"standard","meta":{"footnotes":""},"categories":[63],"tags":[],"class_list":["post-27246","post","type-post","status-publish","format-standard","has-post-thumbnail","hentry","category-noticias"],"_links":{"self":[{"href":"http:\/\/www.perupesquero.org\/web\/wp-json\/wp\/v2\/posts\/27246","targetHints":{"allow":["GET"]}}],"collection":[{"href":"http:\/\/www.perupesquero.org\/web\/wp-json\/wp\/v2\/posts"}],"about":[{"href":"http:\/\/www.perupesquero.org\/web\/wp-json\/wp\/v2\/types\/post"}],"author":[{"embeddable":true,"href":"http:\/\/www.perupesquero.org\/web\/wp-json\/wp\/v2\/users\/2"}],"replies":[{"embeddable":true,"href":"http:\/\/www.perupesquero.org\/web\/wp-json\/wp\/v2\/comments?post=27246"}],"version-history":[{"count":2,"href":"http:\/\/www.perupesquero.org\/web\/wp-json\/wp\/v2\/posts\/27246\/revisions"}],"predecessor-version":[{"id":27248,"href":"http:\/\/www.perupesquero.org\/web\/wp-json\/wp\/v2\/posts\/27246\/revisions\/27248"}],"wp:featuredmedia":[{"embeddable":true,"href":"http:\/\/www.perupesquero.org\/web\/wp-json\/wp\/v2\/media\/26749"}],"wp:attachment":[{"href":"http:\/\/www.perupesquero.org\/web\/wp-json\/wp\/v2\/media?parent=27246"}],"wp:term":[{"taxonomy":"category","embeddable":true,"href":"http:\/\/www.perupesquero.org\/web\/wp-json\/wp\/v2\/categories?post=27246"},{"taxonomy":"post_tag","embeddable":true,"href":"http:\/\/www.perupesquero.org\/web\/wp-json\/wp\/v2\/tags?post=27246"}],"curies":[{"name":"wp","href":"https:\/\/api.w.org\/{rel}","templated":true}]}}