{"id":27129,"date":"2023-05-09T23:20:23","date_gmt":"2023-05-10T04:20:23","guid":{"rendered":"http:\/\/www.perupesquero.org\/web\/?p=27129"},"modified":"2023-05-09T23:20:23","modified_gmt":"2023-05-10T04:20:23","slug":"la-libertad-contara-con-cuatro-desembarcaderos-pesqueros-artesanales-en-los-proximos-cinco-anos","status":"publish","type":"post","link":"http:\/\/www.perupesquero.org\/web\/la-libertad-contara-con-cuatro-desembarcaderos-pesqueros-artesanales-en-los-proximos-cinco-anos\/","title":{"rendered":"La Libertad contar\u00e1 con cuatro desembarcaderos pesqueros artesanales en los pr\u00f3ximos cinco a\u00f1os"},"content":{"rendered":"<p><strong><em>El titular\u00a0<\/em><em>de<\/em><em>l sector Producci\u00f3n visit\u00f3 los puertos Pacasmayo, Malabrigo y Mor\u00edn, junto al gobernador regional\u00a0<\/em><em>de<\/em><em>\u00a0<\/em><em>La<\/em><em>\u00a0Libertad, C\u00e9sar Acu\u00f1a, y\u00a0<\/em><em>la<\/em><em>\u00a0viceministra\u00a0<\/em><em>de<\/em><em>\u00a0Pesca y Acuicultura,\u00a0<\/em><em>De<\/em><em>sil\u00fa Le\u00f3n.<\/em><\/strong><\/p>\n<p><strong><span style=\"font-style: inherit;\"><em>Durante su visita, el titular\u00a0<\/em><em>de<\/em><em>\u00a0Produce se\u00f1al\u00f3 que el objetivo\u00a0<\/em><em>de<\/em><\/span><em>l sector es que\u00a0<\/em><em>la<\/em><em>\u00a0pesca artesanal local sea tan exitosa como\u00a0<\/em><em>la<\/em><em>\u00a0agroindustria en\u00a0<\/em><em>la<\/em><em>\u00a0regi\u00f3n\u00a0<\/em><em>La<\/em><em>\u00a0Libertad.<\/em><\/strong><\/p>\n<p><span style=\"font-style: inherit; font-weight: inherit;\">Con el objetivo\u00a0de\u00a0fomentar el fortalecimiento\u00a0de\u00a0la\u00a0infraestructura pesquera en el pa\u00eds, el ministro\u00a0de\u00a0la\u00a0Producci\u00f3n, Ra\u00fal P\u00e9rez Reyes, anunci\u00f3 que, en los pr\u00f3ximos cinco a\u00f1os,\u00a0La\u00a0Libertad contar\u00e1 con cuatro\u00a0Desembarcaderos Pesqueros Artesanales (DPA), que permitan elevar el\u00a0desarrollo\u00a0de\u00a0la\u00a0actividad pesquera en\u00a0la\u00a0regi\u00f3n.<\/span><\/p>\n<p><span style=\"font-style: inherit; font-weight: inherit;\">P\u00e9rez Reyes anunci\u00f3 que su sector ya cuenta con\u00a0la\u00a0viabilidad\u00a0del perfil\u00a0de\u00a0lo que ser\u00e1 el DPA Salaverry. En tanto, se tiene casi concluido el expediente\u00a0del DPA Pacasmayo, por lo que pronto se podr\u00eda hablar\u00a0de\u00a0un inicio\u00a0de\u00a0obras.<\/span><\/p>\n<p><span style=\"font-style: inherit; font-weight: inherit;\">\u201cEn el caso\u00a0del DPA Pacasmayo, tenemos que obtener los permisos ambientales\u00a0de\u00a0la\u00a0Direcci\u00f3n General\u00a0de\u00a0Capitan\u00edas y Guardacostas (Dicapi) y\u00a0la\u00a0Autoridad Nacional\u00a0del Agua (ANA) para\u00a0la\u00a0aprobaci\u00f3n\u00a0del expediente t\u00e9cnico y estar expeditos para hacer el concurso\u00a0de\u00a0la\u00a0licitaci\u00f3n\u201d, coment\u00f3 el ministro.<\/span><\/p>\n<p><span style=\"font-style: inherit; font-weight: inherit;\">Asimismo, se\u00f1al\u00f3 que su sector inici\u00f3 el trabajo\u00a0de\u00a0viabilidad\u00a0de\u00a0las obras\u00a0del DPA Malabrigo. Mientras que, los trabajos\u00a0de\u00a0mejoramiento en el DPA Puerto Mor\u00edn cuentan con un avance\u00a0de\u00a0obras\u00a0del 45%, teniendo culminada\u00a0la\u00a0construcci\u00f3n\u00a0de\u00a0la\u00a0zona\u00a0de\u00a0tareas previas, entre otras.<\/span><\/p>\n<p><span style=\"font-style: inherit; font-weight: inherit;\">\u201cEn el DPA Puerto Mor\u00edn se est\u00e1 trabajando\u00a0la\u00a0planta\u00a0de\u00a0tratamiento\u00a0de\u00a0aguas residuales y el emisor submarino.\u00a0La\u00a0empresa prev\u00e9 tener esto listo a fin\u00a0de\u00a0a\u00f1o y poder venir con\u00a0la\u00a0presidenta a inaugurarlo, conjuntamente con el se\u00f1or gobernador\u201d, puntualiz\u00f3.<\/span><span style=\"font-style: inherit; font-weight: inherit;\">\u00a0<\/span><\/p>\n<p><span style=\"font-style: inherit; font-weight: inherit;\">El titular\u00a0del sector Producci\u00f3n, tambi\u00e9n, mencion\u00f3 que los muelles hist\u00f3ricos\u00a0de\u00a0Pacasmayo y Malabrigo son infraestructuras que tienen m\u00e1s\u00a0de\u00a0100 a\u00f1os, por lo que se trabajar\u00e1 en su renovaci\u00f3n, en paralelo a\u00a0la\u00a0construcci\u00f3n\u00a0de\u00a0los nuevos DPA.<\/span><\/p>\n<p><span style=\"font-style: inherit; font-weight: inherit;\">Durante su visita a los puertos, el ministro estuvo acompa\u00f1ado\u00a0de\u00a0la\u00a0viceministra\u00a0de\u00a0Pesca y Acuicultura,\u00a0Desil\u00fa Le\u00f3n,<\/span>\u00a0<span style=\"font-style: inherit; font-weight: inherit;\">el gobernador regional, C\u00e9sar Acu\u00f1a y\u00a0<\/span>la\u00a0jefa\u00a0de\u00a0Fondepes, Rossana Acu\u00f1a.<\/p>\n<p><span style=\"font-style: inherit; font-weight: inherit;\">\u201cReitero\u00a0la\u00a0voluntad pol\u00edtica\u00a0del gobierno\u00a0de\u00a0la\u00a0Presidenta Boluarte\u00a0de\u00a0desarrollar estas estructuras con el objetivo\u00a0de\u00a0que\u00a0la\u00a0pesca artesanal local sea tan exitosa como\u00a0la\u00a0agroindustria\u201d, finaliz\u00f3.<\/span><\/p>\n<p>Nota de prensa Ministerio de la Producci\u00f3n<\/p>\n<p>&nbsp;<\/p>\n","protected":false},"excerpt":{"rendered":"<p>El titular\u00a0del sector Producci\u00f3n visit\u00f3 los puertos Pacasmayo, Malabrigo y Mor\u00edn, junto al gobernador regional\u00a0de\u00a0La\u00a0Libertad, C\u00e9sar Acu\u00f1a, y\u00a0la\u00a0viceministra\u00a0de\u00a0Pesca y Acuicultura,\u00a0Desil\u00fa Le\u00f3n. Durante su visita, el titular\u00a0de\u00a0Produce se\u00f1al\u00f3 que el objetivo\u00a0del sector es que\u00a0la\u00a0pesca artesanal local sea tan exitosa como\u00a0la\u00a0agroindustria en\u00a0la\u00a0regi\u00f3n\u00a0La\u00a0Libertad. Con el objetivo\u00a0de\u00a0fomentar el fortalecimiento\u00a0de\u00a0la\u00a0infraestructura pesquera en el pa\u00eds, el ministro\u00a0de\u00a0la\u00a0Producci\u00f3n, Ra\u00fal P\u00e9rez Reyes, anunci\u00f3 [&hellip;]<\/p>\n","protected":false},"author":2,"featured_media":27130,"comment_status":"open","ping_status":"open","sticky":false,"template":"","format":"standard","meta":{"footnotes":""},"categories":[63],"tags":[],"class_list":["post-27129","post","type-post","status-publish","format-standard","has-post-thumbnail","hentry","category-noticias"],"_links":{"self":[{"href":"http:\/\/www.perupesquero.org\/web\/wp-json\/wp\/v2\/posts\/27129","targetHints":{"allow":["GET"]}}],"collection":[{"href":"http:\/\/www.perupesquero.org\/web\/wp-json\/wp\/v2\/posts"}],"about":[{"href":"http:\/\/www.perupesquero.org\/web\/wp-json\/wp\/v2\/types\/post"}],"author":[{"embeddable":true,"href":"http:\/\/www.perupesquero.org\/web\/wp-json\/wp\/v2\/users\/2"}],"replies":[{"embeddable":true,"href":"http:\/\/www.perupesquero.org\/web\/wp-json\/wp\/v2\/comments?post=27129"}],"version-history":[{"count":1,"href":"http:\/\/www.perupesquero.org\/web\/wp-json\/wp\/v2\/posts\/27129\/revisions"}],"predecessor-version":[{"id":27131,"href":"http:\/\/www.perupesquero.org\/web\/wp-json\/wp\/v2\/posts\/27129\/revisions\/27131"}],"wp:featuredmedia":[{"embeddable":true,"href":"http:\/\/www.perupesquero.org\/web\/wp-json\/wp\/v2\/media\/27130"}],"wp:attachment":[{"href":"http:\/\/www.perupesquero.org\/web\/wp-json\/wp\/v2\/media?parent=27129"}],"wp:term":[{"taxonomy":"category","embeddable":true,"href":"http:\/\/www.perupesquero.org\/web\/wp-json\/wp\/v2\/categories?post=27129"},{"taxonomy":"post_tag","embeddable":true,"href":"http:\/\/www.perupesquero.org\/web\/wp-json\/wp\/v2\/tags?post=27129"}],"curies":[{"name":"wp","href":"https:\/\/api.w.org\/{rel}","templated":true}]}}