{"id":27081,"date":"2023-04-30T17:54:41","date_gmt":"2023-04-30T22:54:41","guid":{"rendered":"http:\/\/www.perupesquero.org\/web\/?p=27081"},"modified":"2023-04-30T17:54:49","modified_gmt":"2023-04-30T22:54:49","slug":"produce-anuncia-inicio-de-etapa-preparatoria-para-la-politica-nacional-de-pesca","status":"publish","type":"post","link":"http:\/\/www.perupesquero.org\/web\/produce-anuncia-inicio-de-etapa-preparatoria-para-la-politica-nacional-de-pesca\/","title":{"rendered":"Produce anuncia inicio de etapa preparatoria para la Pol\u00edtica Nacional de Pesca"},"content":{"rendered":"<p>Durante la segunda sesi\u00f3n descentralizada del Grupo de trabajo de Pesca de la Comisi\u00f3n de Producci\u00f3n, Micro y Peque\u00f1a Empresa y Cooperativas del Congreso de la Rep\u00fablica, desarrollada en la regi\u00f3n Ica, la viceministra de Pesca y Acuicultura, Desil\u00fa Le\u00f3n Chemp\u00e9n, anunci\u00f3 el inicio de la etapa preparatoria para la elaboraci\u00f3n de la \u201cPol\u00edtica Nacional de Pesca.<\/p>\n<p>Dicho evento reuni\u00f3 a legisladores, autoridades regionales y locales, as\u00ed como maricultores, gremios y asociaciones de pescadores artesanales<\/p>\n<p>Le\u00f3n puso \u00e9nfasis en la importancia de acelerar el proceso de formalizaci\u00f3n de las embarcaciones, fortalecer las acciones de fiscalizaci\u00f3n de la mano con la Direcci\u00f3n General de Capitan\u00edas y Guardacostas (Dicapi) y el Ministerio del Interior<\/p>\n<p>De igual forma, resalt\u00f3 la necesidad de gestionar mayor inversi\u00f3n para mejorar las infraestructuras pesqueras artesanales.<\/p>\n<p>Mejoramiento de Desembarcaderos Pesqueros Artesanales<\/p>\n<p>Durante la sesi\u00f3n de dicho grupo de trabajo parlamentario, el Fondo Nacional de Desarrollo Pesquero (Fondepes), indic\u00f3 el avance de las inversiones en el proyecto de mejoramiento y ampliaci\u00f3n de servicios en los Desembarcaderos Pesqueros Artesanales (DPA) de la regi\u00f3n Ica.<\/p>\n<p>En esa l\u00ednea, se destac\u00f3 el proyecto de \u201cMejoramiento y ampliaci\u00f3n de los servicios intermedios de la infraestructura artesanal San Andr\u00e9s, en la provincia de Pisco\u201d y el \u201cMejoramiento de los servicios del Desembarcadero Pesquero Artesanal en la localidad de San Juan De Marcona en la provincia de Nasca\u201d.<\/p>\n<p>Tambi\u00e9n se inform\u00f3 sobre los avances en los muelles pesqueros de Lagunillas y Laguna Grande, ubicados en Paracas.<\/p>\n<p>Informaci\u00f3n reco0gida de Andina<\/p>\n","protected":false},"excerpt":{"rendered":"<p>Durante la segunda sesi\u00f3n descentralizada del Grupo de trabajo de Pesca de la Comisi\u00f3n de Producci\u00f3n, Micro y Peque\u00f1a Empresa y Cooperativas del Congreso de la Rep\u00fablica, desarrollada en la regi\u00f3n Ica, la viceministra de Pesca y Acuicultura, Desil\u00fa Le\u00f3n Chemp\u00e9n, anunci\u00f3 el inicio de la etapa preparatoria para la elaboraci\u00f3n de la \u201cPol\u00edtica Nacional [&hellip;]<\/p>\n","protected":false},"author":2,"featured_media":26845,"comment_status":"open","ping_status":"open","sticky":false,"template":"","format":"standard","meta":{"footnotes":""},"categories":[63],"tags":[],"class_list":["post-27081","post","type-post","status-publish","format-standard","has-post-thumbnail","hentry","category-noticias"],"_links":{"self":[{"href":"http:\/\/www.perupesquero.org\/web\/wp-json\/wp\/v2\/posts\/27081","targetHints":{"allow":["GET"]}}],"collection":[{"href":"http:\/\/www.perupesquero.org\/web\/wp-json\/wp\/v2\/posts"}],"about":[{"href":"http:\/\/www.perupesquero.org\/web\/wp-json\/wp\/v2\/types\/post"}],"author":[{"embeddable":true,"href":"http:\/\/www.perupesquero.org\/web\/wp-json\/wp\/v2\/users\/2"}],"replies":[{"embeddable":true,"href":"http:\/\/www.perupesquero.org\/web\/wp-json\/wp\/v2\/comments?post=27081"}],"version-history":[{"count":1,"href":"http:\/\/www.perupesquero.org\/web\/wp-json\/wp\/v2\/posts\/27081\/revisions"}],"predecessor-version":[{"id":27082,"href":"http:\/\/www.perupesquero.org\/web\/wp-json\/wp\/v2\/posts\/27081\/revisions\/27082"}],"wp:featuredmedia":[{"embeddable":true,"href":"http:\/\/www.perupesquero.org\/web\/wp-json\/wp\/v2\/media\/26845"}],"wp:attachment":[{"href":"http:\/\/www.perupesquero.org\/web\/wp-json\/wp\/v2\/media?parent=27081"}],"wp:term":[{"taxonomy":"category","embeddable":true,"href":"http:\/\/www.perupesquero.org\/web\/wp-json\/wp\/v2\/categories?post=27081"},{"taxonomy":"post_tag","embeddable":true,"href":"http:\/\/www.perupesquero.org\/web\/wp-json\/wp\/v2\/tags?post=27081"}],"curies":[{"name":"wp","href":"https:\/\/api.w.org\/{rel}","templated":true}]}}