{"id":27078,"date":"2023-04-30T17:21:35","date_gmt":"2023-04-30T22:21:35","guid":{"rendered":"http:\/\/www.perupesquero.org\/web\/?p=27078"},"modified":"2023-04-30T17:21:35","modified_gmt":"2023-04-30T22:21:35","slug":"la-fao-alerta-ante-probable-amenaza-de-el-nino","status":"publish","type":"post","link":"http:\/\/www.perupesquero.org\/web\/la-fao-alerta-ante-probable-amenaza-de-el-nino\/","title":{"rendered":"La FAO alerta ante probable amenaza de El Ni\u00f1o"},"content":{"rendered":"<p>La Organizaci\u00f3n de las Naciones Unidas para la Alimentaci\u00f3n y la Agricultura (FAO) comunic\u00f3 que prepara acciones preventivas, junto con miembros y asociados, mientras se cierne la amenaza del fen\u00f3meno meteorol\u00f3gico de El Ni\u00f1o.<\/p>\n<p>Luego de una prolongada presencia de tres a\u00f1os, La Ni\u00f1a se ha retirado del panorama atmosf\u00e9rico mundial y dej\u00f3 paso a una probable transici\u00f3n inminente a El Ni\u00f1o, el cual normalmente distribuye las pautas meteorol\u00f3gicas en sentido contrario, precis\u00f3 el mensaje del organismo internacional.<\/p>\n<p>Eso podr\u00eda suponer- a\u00f1adi\u00f3- un alivio para algunas zonas afectadas por la sequ\u00eda como el Cuerno de \u00c1frica, pero tal vez acarree problemas a otras partes de \u00c1frica, Am\u00e9rica Central y el Lejano Oriente asi\u00e1tico.<\/p>\n<p>Ante el n\u00famero sin precedentes de personas que padecen inseguridad alimentaria aguda, la FAO examina las zonas del planeta especialmente vulnerables a El Ni\u00f1o y las acciones preventivas que podr\u00edan emprenderse para mitigar sus riesgos.<\/p>\n<p>Seg\u00fan un nuevo informe del Sistema mundial de informaci\u00f3n y alerta sobre la alimentaci\u00f3n y la agricultura de la Divisi\u00f3n de Mercados y Comercio y la Oficina de Cambio Clim\u00e1tico, Biodiversidad y Medio Ambiente de la FAO, preocupan especialmente \u00c1frica austral, Am\u00e9rica Central y el Caribe y partes de Asia.<\/p>\n<p>Lo anterior- explic\u00f3 esa organizaci\u00f3n de la ONU- es en la medida en que varios pa\u00edses de estas regiones registran ya niveles altos de inseguridad alimentaria aguda, e importantes campa\u00f1as agr\u00edcolas est\u00e1n sujetas a las pautas de condiciones atmosf\u00e9ricas m\u00e1s secas caracter\u00edsticas de El Ni\u00f1o.<\/p>\n<p>En zonas septentrionales de Am\u00e9rica del Sur tambi\u00e9n existe el riesgo de posible sequedad, mientras que Australia normalmente registra una disminuci\u00f3n de las precipitaciones.<\/p>\n<p>Las alertas tempranas implican la necesidad de emprender acciones preventivas y vamos a apoyar a nuestros miembros al respecto en la medida en que lo permitan los recursos, afirm\u00f3 el jefe de la Oficina de Emergencias y Resiliencia de la FAO, Rein Paulsen.<\/p>\n<p>Este indic\u00f3 que tras el episodio de El Ni\u00f1o de 2015 y 2016, que afect\u00f3 a m\u00e1s de 60 millones de personas de unos 23 pa\u00edses, la organizaci\u00f3n ha colaborado diligentemente con sus miembros, entre ellos muchos de los que probablemente vean su seguridad alimentaria afectada por la llegada de El Ni\u00f1o.<\/p>\n<p>Tambi\u00e9n con otros organismos de la ONU para establecer planes y protocolos de acci\u00f3n preventiva.<\/p>\n<p>Asimismo, se elaboraron procedimientos operativos est\u00e1ndar para agilizar intervenciones oportunas, como establecer almacenes de semillas comunitarios, determinar reservas alimentarias estrat\u00e9gicas y fortalecer campa\u00f1as de vigilancia de la salud animal.<\/p>\n<p>Informe: https:\/\/www.fao.org\/3\/cc5749en\/cc5749en.pdf<\/p>\n<p>Fuente: ElPais.cr<\/p>\n<p>&nbsp;<\/p>\n","protected":false},"excerpt":{"rendered":"<p>La Organizaci\u00f3n de las Naciones Unidas para la Alimentaci\u00f3n y la Agricultura (FAO) comunic\u00f3 que prepara acciones preventivas, junto con miembros y asociados, mientras se cierne la amenaza del fen\u00f3meno meteorol\u00f3gico de El Ni\u00f1o. Luego de una prolongada presencia de tres a\u00f1os, La Ni\u00f1a se ha retirado del panorama atmosf\u00e9rico mundial y dej\u00f3 paso a [&hellip;]<\/p>\n","protected":false},"author":2,"featured_media":27079,"comment_status":"open","ping_status":"open","sticky":false,"template":"","format":"standard","meta":{"footnotes":""},"categories":[63],"tags":[],"class_list":["post-27078","post","type-post","status-publish","format-standard","has-post-thumbnail","hentry","category-noticias"],"_links":{"self":[{"href":"http:\/\/www.perupesquero.org\/web\/wp-json\/wp\/v2\/posts\/27078","targetHints":{"allow":["GET"]}}],"collection":[{"href":"http:\/\/www.perupesquero.org\/web\/wp-json\/wp\/v2\/posts"}],"about":[{"href":"http:\/\/www.perupesquero.org\/web\/wp-json\/wp\/v2\/types\/post"}],"author":[{"embeddable":true,"href":"http:\/\/www.perupesquero.org\/web\/wp-json\/wp\/v2\/users\/2"}],"replies":[{"embeddable":true,"href":"http:\/\/www.perupesquero.org\/web\/wp-json\/wp\/v2\/comments?post=27078"}],"version-history":[{"count":1,"href":"http:\/\/www.perupesquero.org\/web\/wp-json\/wp\/v2\/posts\/27078\/revisions"}],"predecessor-version":[{"id":27080,"href":"http:\/\/www.perupesquero.org\/web\/wp-json\/wp\/v2\/posts\/27078\/revisions\/27080"}],"wp:featuredmedia":[{"embeddable":true,"href":"http:\/\/www.perupesquero.org\/web\/wp-json\/wp\/v2\/media\/27079"}],"wp:attachment":[{"href":"http:\/\/www.perupesquero.org\/web\/wp-json\/wp\/v2\/media?parent=27078"}],"wp:term":[{"taxonomy":"category","embeddable":true,"href":"http:\/\/www.perupesquero.org\/web\/wp-json\/wp\/v2\/categories?post=27078"},{"taxonomy":"post_tag","embeddable":true,"href":"http:\/\/www.perupesquero.org\/web\/wp-json\/wp\/v2\/tags?post=27078"}],"curies":[{"name":"wp","href":"https:\/\/api.w.org\/{rel}","templated":true}]}}