{"id":27051,"date":"2023-04-27T14:57:01","date_gmt":"2023-04-27T19:57:01","guid":{"rendered":"http:\/\/www.perupesquero.org\/web\/?p=27051"},"modified":"2023-04-28T00:01:19","modified_gmt":"2023-04-28T05:01:19","slug":"pescadores-de-ecuador-que-se-quedaron-a-la-deriva-y-llegaron-a-mexico","status":"publish","type":"post","link":"http:\/\/www.perupesquero.org\/web\/pescadores-de-ecuador-que-se-quedaron-a-la-deriva-y-llegaron-a-mexico\/","title":{"rendered":"Pescadores de Ecuador que se quedaron a la deriva llegaron a M\u00e9xico"},"content":{"rendered":"<p>Ernesto Chasing, uno de los sobrevivientes, relat\u00f3 que salieron desde la costa de Esmeraldas en Ecuador para recibir pescado de un barco que se encontraba en alta mar, el 18 de abril.<\/p>\n<p>Seis pescadores artesanales a la deriva en el mar fueron rescatados por la Armada Nacional de M\u00e9xico, gestionan con sus familiares su retorno a Ecuador.<\/p>\n<p>Una tormenta el\u00e9ctrica con lluvias habr\u00eda afectado el equipo de navegaci\u00f3n y se salieron de la ruta mar\u00edtima por el lapso de cuatro d\u00edas.<\/p>\n<p>\u201cPuse mi fe en Dios y a mis compa\u00f1eros los anim\u00e9 y que en cualquier momento lleg\u00e1bamos alg\u00fan puerto\u201d, refiri\u00f3 Chasing a reporteros de Acapulco (M\u00e9xico).<\/p>\n<p>Al quinto d\u00eda fueron divisados en la lancha que se movilizaban por un helic\u00f3ptero de la Secretar\u00eda de Marina (Semar) y los rescataron hasta la Base Naval de Acapulco. Pero la Fiscal\u00eda General de la Rep\u00fablica los sentenci\u00f3 con prisi\u00f3n por el presunto delito de narcotr\u00e1fico y huachicoleros (tr\u00e1fico de 35 litros de gasolina para pesca artesanal).<\/p>\n<p>Los obreros del mar fueron llevados al Centro Federal de Readaptaci\u00f3n Social de Cerezo, y permanecieron recluidos hasta el martes de esta semana que se realiz\u00f3 la audiencia judicial y se les concedi\u00f3 la libertad.<\/p>\n<p>Cruz Ernesto relat\u00f3 que las \u00fanicas credenciales que llevaban consigo eran las de Ecuador, porque la labor para la que fueron contratados, no ameritaba pasaportes.<\/p>\n<p>Los pescadores se comunicaron con familiares y amigos en Esmeraldas y con el Consulado de Ecuador en M\u00e9xico para regresar a sus lugares de residencia.<\/p>\n","protected":false},"excerpt":{"rendered":"<p>Ernesto Chasing, uno de los sobrevivientes, relat\u00f3 que salieron desde la costa de Esmeraldas en Ecuador para recibir pescado de un barco que se encontraba en alta mar, el 18 de abril. Seis pescadores artesanales a la deriva en el mar fueron rescatados por la Armada Nacional de M\u00e9xico, gestionan con sus familiares su retorno [&hellip;]<\/p>\n","protected":false},"author":2,"featured_media":27052,"comment_status":"open","ping_status":"open","sticky":false,"template":"","format":"standard","meta":{"footnotes":""},"categories":[63],"tags":[],"class_list":["post-27051","post","type-post","status-publish","format-standard","has-post-thumbnail","hentry","category-noticias"],"_links":{"self":[{"href":"http:\/\/www.perupesquero.org\/web\/wp-json\/wp\/v2\/posts\/27051","targetHints":{"allow":["GET"]}}],"collection":[{"href":"http:\/\/www.perupesquero.org\/web\/wp-json\/wp\/v2\/posts"}],"about":[{"href":"http:\/\/www.perupesquero.org\/web\/wp-json\/wp\/v2\/types\/post"}],"author":[{"embeddable":true,"href":"http:\/\/www.perupesquero.org\/web\/wp-json\/wp\/v2\/users\/2"}],"replies":[{"embeddable":true,"href":"http:\/\/www.perupesquero.org\/web\/wp-json\/wp\/v2\/comments?post=27051"}],"version-history":[{"count":2,"href":"http:\/\/www.perupesquero.org\/web\/wp-json\/wp\/v2\/posts\/27051\/revisions"}],"predecessor-version":[{"id":27064,"href":"http:\/\/www.perupesquero.org\/web\/wp-json\/wp\/v2\/posts\/27051\/revisions\/27064"}],"wp:featuredmedia":[{"embeddable":true,"href":"http:\/\/www.perupesquero.org\/web\/wp-json\/wp\/v2\/media\/27052"}],"wp:attachment":[{"href":"http:\/\/www.perupesquero.org\/web\/wp-json\/wp\/v2\/media?parent=27051"}],"wp:term":[{"taxonomy":"category","embeddable":true,"href":"http:\/\/www.perupesquero.org\/web\/wp-json\/wp\/v2\/categories?post=27051"},{"taxonomy":"post_tag","embeddable":true,"href":"http:\/\/www.perupesquero.org\/web\/wp-json\/wp\/v2\/tags?post=27051"}],"curies":[{"name":"wp","href":"https:\/\/api.w.org\/{rel}","templated":true}]}}