{"id":27033,"date":"2023-04-25T12:26:03","date_gmt":"2023-04-25T17:26:03","guid":{"rendered":"http:\/\/www.perupesquero.org\/web\/?p=27033"},"modified":"2023-04-25T12:26:03","modified_gmt":"2023-04-25T17:26:03","slug":"conserveros-de-atun-en-espana-exigen-exclusion-de-conservas-de-tailandia","status":"publish","type":"post","link":"http:\/\/www.perupesquero.org\/web\/conserveros-de-atun-en-espana-exigen-exclusion-de-conservas-de-tailandia\/","title":{"rendered":"Conserveros de at\u00fan en Espa\u00f1a exigen exclusi\u00f3n de conservas de Tailandia"},"content":{"rendered":"<p>Seg\u00fan los \u00faltimos datos de la FAO, Tailandia se ha convertido en el primer productor de conservas en el mundo, superando las 550, 000 toneladas y marcando un espacio en el mercado de la EU, aunque no tienen el total acceso.<\/p>\n<p>Para ANFACO- CECOPESCA, la situaci\u00f3n es preocupante porque si el mercado europeo e internacional le permiten la entrada del at\u00fan tailand\u00e9s, esto tendr\u00eda un impacto negativo para la industria conservera espa\u00f1ola, que cumple fuertes est\u00e1ndares de salud, social y ambiental, frente al at\u00fan tailand\u00e9s que proviene de pescas no reguladas. Esto podr\u00eda ocasionar el desempleo de 15,000 personas en Espa\u00f1a que laboran en esta actividad.<\/p>\n<p>Es importante indicar, que el gobierno de Espa\u00f1a ha reanudado las negociaciones comerciales con Tailandia, por ello la Asociaci\u00f3n de Fabricantes de Conservas- ANFACO, solicitaron la exclusi\u00f3n total, respecto al at\u00fan y que se establezcan mecanismo para garantizar a largo plazo que ninguna conserva tenga beneficios arancelarios.<\/p>\n<p>El secretario general de ANAFACO, Roberto Alonso, no solo alert\u00f3 de las consecuencias econ\u00f3micas y sociales para las regiones donde se ubican las industrias conserveras de Espa\u00f1a sino tambi\u00e9n a las deficiencias \u00e9ticas y democr\u00e1ticas que Tailandia ha mostrado, por lo que causa desconfianza.<\/p>\n<p>La EU decidi\u00f3 rebajar los aranceles, lo cual es una amenaza para la industria espa\u00f1ola, por lo que demandar\u00e1n activamente su exclusi\u00f3n para evitar la destrucci\u00f3n de la historia, el empleo y liderazgo industrial. No lo vamos a permitir tal p\u00e9rdida, dijo Alonso.<\/p>\n","protected":false},"excerpt":{"rendered":"<p>Seg\u00fan los \u00faltimos datos de la FAO, Tailandia se ha convertido en el primer productor de conservas en el mundo, superando las 550, 000 toneladas y marcando un espacio en el mercado de la EU, aunque no tienen el total acceso. Para ANFACO- CECOPESCA, la situaci\u00f3n es preocupante porque si el mercado europeo e internacional [&hellip;]<\/p>\n","protected":false},"author":2,"featured_media":27034,"comment_status":"open","ping_status":"open","sticky":false,"template":"","format":"standard","meta":{"footnotes":""},"categories":[63],"tags":[],"class_list":["post-27033","post","type-post","status-publish","format-standard","has-post-thumbnail","hentry","category-noticias"],"_links":{"self":[{"href":"http:\/\/www.perupesquero.org\/web\/wp-json\/wp\/v2\/posts\/27033","targetHints":{"allow":["GET"]}}],"collection":[{"href":"http:\/\/www.perupesquero.org\/web\/wp-json\/wp\/v2\/posts"}],"about":[{"href":"http:\/\/www.perupesquero.org\/web\/wp-json\/wp\/v2\/types\/post"}],"author":[{"embeddable":true,"href":"http:\/\/www.perupesquero.org\/web\/wp-json\/wp\/v2\/users\/2"}],"replies":[{"embeddable":true,"href":"http:\/\/www.perupesquero.org\/web\/wp-json\/wp\/v2\/comments?post=27033"}],"version-history":[{"count":1,"href":"http:\/\/www.perupesquero.org\/web\/wp-json\/wp\/v2\/posts\/27033\/revisions"}],"predecessor-version":[{"id":27035,"href":"http:\/\/www.perupesquero.org\/web\/wp-json\/wp\/v2\/posts\/27033\/revisions\/27035"}],"wp:featuredmedia":[{"embeddable":true,"href":"http:\/\/www.perupesquero.org\/web\/wp-json\/wp\/v2\/media\/27034"}],"wp:attachment":[{"href":"http:\/\/www.perupesquero.org\/web\/wp-json\/wp\/v2\/media?parent=27033"}],"wp:term":[{"taxonomy":"category","embeddable":true,"href":"http:\/\/www.perupesquero.org\/web\/wp-json\/wp\/v2\/categories?post=27033"},{"taxonomy":"post_tag","embeddable":true,"href":"http:\/\/www.perupesquero.org\/web\/wp-json\/wp\/v2\/tags?post=27033"}],"curies":[{"name":"wp","href":"https:\/\/api.w.org\/{rel}","templated":true}]}}