{"id":26998,"date":"2023-04-18T18:30:00","date_gmt":"2023-04-18T23:30:00","guid":{"rendered":"http:\/\/www.perupesquero.org\/web\/?p=26998"},"modified":"2023-04-18T18:30:00","modified_gmt":"2023-04-18T23:30:00","slug":"congreso-desde-ica-analizo-situacion-de-la-pesca-artesanal","status":"publish","type":"post","link":"http:\/\/www.perupesquero.org\/web\/congreso-desde-ica-analizo-situacion-de-la-pesca-artesanal\/","title":{"rendered":"Congreso desde Ica analiz\u00f3 situaci\u00f3n de la pesca artesanal"},"content":{"rendered":"<p>Con la participaci\u00f3n de diferentes sectores vinculados a la pesca en Ica, el Grupo de Pesca de la Comisi\u00f3n de Producci\u00f3n Micro y Peque\u00f1a Empresa, bajo la coordinaci\u00f3n del congresista Miguel Ciccia (RP) llev\u00f3 a cabo la segunda sesi\u00f3n descentralizada en esa ciudad sure\u00f1a, en la que se reconocieron los esfuerzos del Poder Legislativo por apoyar a la actividad artesanal.<\/p>\n<p>La reuni\u00f3n se realiz\u00f3 en el auditorio del Colegio M\u00e9dico de esa ciudad y durante varias horas se escuch\u00f3 a funcionarios de distintas entidades p\u00fablicas, dando cuenta de su quehacer en pro de los pescadores artesanales.<\/p>\n<p>Tambi\u00e9n participaron representantes del gobierno local de diferentes distritos y de distintas asociaciones y organizaciones de pescadores artesanales.<\/p>\n<p>Los congresistas Jorge Marticorena Mendoza (PB) y Esdras Medina Minaya (SP) saludaron los esfuerzos de la Comisi\u00f3n de Producci\u00f3n y del Grupo de Pesca, por la realizaci\u00f3n de la sesi\u00f3n.<\/p>\n<p>Otro tema que coincidieron es la ley que reconoce la pesca tradicional ancestral y la pesca tradicional artesanal y tambi\u00e9n impulsa su preservaci\u00f3n dentro de las cinco millas mar\u00edtimas peruanas.<\/p>\n<p>Durante la sesi\u00f3n se expusieron temas referidos a propuestas para una nueva ley de pesca, la situaci\u00f3n del pescador artesanal ante los fen\u00f3menos naturales y alternativas de soluci\u00f3n; problem\u00e1tica de los desembarcaderos pesqueros artesanales en la costa central del Per\u00fa, de Marcona, Paracas, y Pisco, entre otros.<\/p>\n<p>La viceministra de Pesca y Acuicultura del Ministerio de la Producci\u00f3n, \u00darsula Le\u00f3n Chemp\u00e9n, hizo hincapi\u00e9 en la importancia de la ley aprobada, de autor\u00eda del congresista Medina Minaya y otros parlamentarios.<\/p>\n<p>Indic\u00f3 que se habla de la inclusi\u00f3n de nuevos conceptos de pescadores artesanales, como el del pescador ancestral y la determinaci\u00f3n de cinco millas para la pesca de ese sector, lo que es muy importante pues le da a la actividad territorio para el desarrollo de su labor.<\/p>\n<p>De otro lado, inform\u00f3, con relaci\u00f3n a los fen\u00f3menos naturales, que el pasado 19 de marzo se produjo el desborde del r\u00edo Nazca con afectaci\u00f3n de terrenos agr\u00edcolas; y que se vienen produciendo vientos an\u00f3malos que perjudican a los desembarcaderos de San Andr\u00e9s y La Puntilla, que debido a la altura del muelle no se produjeron da\u00f1os mayores.<\/p>\n<p>Tambi\u00e9n participaron representantes, del Ministerio de Desarrollo Agrario y Riego, del Ambiente, del Organismo Nacional de Sanidad Pesquera, (Sanipez) de la Reserva Nacional Dorsal de Nazca y representante del Servicio Nacional de \u00c1reas Naturales Protegidas (SERNANP) Fondo Nacional de Desarrollo Pesquero (FONDEPES) y el Instituto del Mar Peruano \u00a0(IMARPE) entre otros.<\/p>\n<p>En nombre de Oceana Per\u00fa, Carmen Heck Franco, consider\u00f3 que el Congreso debe seguir mejorando la ley para luchar contra la pesca ilegal y asegurar mayor transparencia y participaci\u00f3n de los pescadores.<\/p>\n<p>Opin\u00f3 que el impulso a la protecci\u00f3n, dentro de las cinco millas, es un avance importante, pero por su poca selectividad y gran capacidad de pesca, la flota industrial no debe ingresar en este sector.<\/p>\n<p>Por su lado, en representaci\u00f3n del gobierno regional de Ica, V\u00edctor D\u00edaz Salda\u00f1a, demand\u00f3 tomar con seriedad el problema artesanal.<\/p>\n<p>M\u00e1s adelante, el Grupo de Pesca desarroll\u00f3 una audiencia p\u00fablica donde escuch\u00f3 las demandas de los protagonistas de la pesca artesanal, quienes pidieron la mediaci\u00f3n del Congreso, para que el Poder Ejecutivo cumpla con su promesa de estimular el sector en ese departamento.<\/p>\n<p>Oficina de Comunicaci\u00f3n del Congreso<\/p>\n<p>&nbsp;<\/p>\n<p>&nbsp;<\/p>\n<p>&nbsp;<\/p>\n<p>&nbsp;<\/p>\n","protected":false},"excerpt":{"rendered":"<p>Con la participaci\u00f3n de diferentes sectores vinculados a la pesca en Ica, el Grupo de Pesca de la Comisi\u00f3n de Producci\u00f3n Micro y Peque\u00f1a Empresa, bajo la coordinaci\u00f3n del congresista Miguel Ciccia (RP) llev\u00f3 a cabo la segunda sesi\u00f3n descentralizada en esa ciudad sure\u00f1a, en la que se reconocieron los esfuerzos del Poder Legislativo por [&hellip;]<\/p>\n","protected":false},"author":2,"featured_media":26999,"comment_status":"open","ping_status":"open","sticky":false,"template":"","format":"standard","meta":{"footnotes":""},"categories":[63],"tags":[],"class_list":["post-26998","post","type-post","status-publish","format-standard","has-post-thumbnail","hentry","category-noticias"],"_links":{"self":[{"href":"http:\/\/www.perupesquero.org\/web\/wp-json\/wp\/v2\/posts\/26998","targetHints":{"allow":["GET"]}}],"collection":[{"href":"http:\/\/www.perupesquero.org\/web\/wp-json\/wp\/v2\/posts"}],"about":[{"href":"http:\/\/www.perupesquero.org\/web\/wp-json\/wp\/v2\/types\/post"}],"author":[{"embeddable":true,"href":"http:\/\/www.perupesquero.org\/web\/wp-json\/wp\/v2\/users\/2"}],"replies":[{"embeddable":true,"href":"http:\/\/www.perupesquero.org\/web\/wp-json\/wp\/v2\/comments?post=26998"}],"version-history":[{"count":1,"href":"http:\/\/www.perupesquero.org\/web\/wp-json\/wp\/v2\/posts\/26998\/revisions"}],"predecessor-version":[{"id":27000,"href":"http:\/\/www.perupesquero.org\/web\/wp-json\/wp\/v2\/posts\/26998\/revisions\/27000"}],"wp:featuredmedia":[{"embeddable":true,"href":"http:\/\/www.perupesquero.org\/web\/wp-json\/wp\/v2\/media\/26999"}],"wp:attachment":[{"href":"http:\/\/www.perupesquero.org\/web\/wp-json\/wp\/v2\/media?parent=26998"}],"wp:term":[{"taxonomy":"category","embeddable":true,"href":"http:\/\/www.perupesquero.org\/web\/wp-json\/wp\/v2\/categories?post=26998"},{"taxonomy":"post_tag","embeddable":true,"href":"http:\/\/www.perupesquero.org\/web\/wp-json\/wp\/v2\/tags?post=26998"}],"curies":[{"name":"wp","href":"https:\/\/api.w.org\/{rel}","templated":true}]}}