{"id":26936,"date":"2023-04-03T11:46:39","date_gmt":"2023-04-03T16:46:39","guid":{"rendered":"http:\/\/www.perupesquero.org\/web\/?p=26936"},"modified":"2023-04-03T11:46:39","modified_gmt":"2023-04-03T16:46:39","slug":"mtpe-lanza-convocatoria-para-la-condecoracion-de-la-orden-del-trabajo","status":"publish","type":"post","link":"http:\/\/www.perupesquero.org\/web\/mtpe-lanza-convocatoria-para-la-condecoracion-de-la-orden-del-trabajo\/","title":{"rendered":"MTPE lanza convocatoria para la Condecoraci\u00f3n de la Orden del Trabajo"},"content":{"rendered":"<p><em><strong>Podr\u00e1n postular a quienes hayan destacado por acciones distinguidas y servicios meritorios en todo el pa\u00eds<\/strong><\/em><\/p>\n<p><em><strong>Titular del MTPE, Alfonso Adrianz\u00e9n, instal\u00f3 la sesi\u00f3n del Consejo de la Orden de Trabajo que evaluar\u00e1 a los candidatos<\/strong><\/em><\/p>\n<p>El Ministerio de Trabajo y Promoci\u00f3n del Empleo (MTPE) lanz\u00f3 la convocatoria para la postulaci\u00f3n a la Condecoraci\u00f3n de la Orden del Trabajo, la cual se otorga a personas naturales e instituciones que han contribuido al bienestar de los trabajadores, a la promoci\u00f3n del empleo, la capacitaci\u00f3n y perfeccionamiento de la legislaci\u00f3n laboral y de la seguridad social.<\/p>\n<p>Pueden postular a esa condecoraci\u00f3n quienes hayan destacado por haber realizado acciones distinguidas y servicios meritorios. Se puede inscribir la postulaci\u00f3n de trabajadores, dirigentes sindicales, gremios u otras personas jur\u00eddicas. Asimismo, profesionales, acad\u00e9micos, investigadores, especialistas, empresarios, empleadores y sus gremios.<\/p>\n<p>El proceso y evaluaci\u00f3n de las postulaciones estar\u00e1 a cargo del Consejo de la Orden del Trabajo, integrado por representantes de los trabajadores del r\u00e9gimen de la actividad privada, de los empleadores, de los decanos de los colegios profesionales, de la Autoridad Nacional del Servicio Civil (Servir) y del MTPE.<\/p>\n<p>Precisamente, el ministro de Trabajo y Promoci\u00f3n del Empleo, Alfonso Adrianz\u00e9n Ojeda, acompa\u00f1ado de los viceministros de Trabajo, Juan Navarro Pando y, la viceministra de Promoci\u00f3n del Empleo y Capacitaci\u00f3n Laboral, Violeta Leyva Estela, instal\u00f3 la sesi\u00f3n del Consejo de la Orden de Trabajo, en su calidad de Canciller de dicho Consejo.<\/p>\n<p>En la ceremonia, el titular del MTPE destac\u00f3 la importancia de reconocer a quienes permiten el progreso del pa\u00eds. \u201cNecesitamos personas que lideren, que nos muestren un camino razonable de c\u00f3mo deben hacerse las cosas tanto en virtudes, trabajo, conducta, as\u00ed como por sus propuestas e iniciativas\u201d, destac\u00f3 el ministro.<\/p>\n<p>Las candidaturas para la Condecoraci\u00f3n de la Orden del Trabajo, se recibir\u00e1n desde hoy hasta el 17 de abril. La ficha para inscribir a los postulantes se puede descargar en el enlace <a href=\"https:\/\/www2.trabajo.gob.pe\/el-ministerio-2\/condecoracion-de-la-orden-del-trabaj\/inicio-condecoracion-orden-de-trabajo\/\">https:\/\/www2.trabajo.gob.pe\/el-ministerio-2\/condecoracion-de-la-orden-del-trabaj\/inicio-condecoracion-orden-de-trabajo\/<\/a><\/p>\n<p>Es necesario precisar que las postulaciones deben ser presentadas por una tercera persona, dado que no se permiten las autopostulaciones.<\/p>\n<p>Una vez llenada la ficha y la declaraci\u00f3n jurada del candidato, la documentaci\u00f3n debe ser remitida al correo <a href=\"&#x6d;a&#x69;l&#x74;&#111;:&#x6f;r&#x64;e&#x6e;&#100;e&#x6c;t&#x72;&#97;b&#x61;j&#x6f;&#64;&#x74;&#114;a&#x62;a&#x6a;&#111;&#x2e;&#x67;o&#x62;.&#x70;&#101;\">&#x6f;&#x72;&#x64;&#x65;&#x6e;&#x64;&#x65;&#x6c;&#x74;&#x72;&#x61;&#x62;&#x61;&#x6a;&#x6f;&#x40;&#x74;&#x72;&#x61;&#x62;&#x61;&#x6a;&#111;&#46;&#103;&#111;&#98;&#46;&#112;&#101;<\/a>, o puede ser presentada a trav\u00e9s de la mesa virtual del MTPE.<\/p>\n<p>La Orden del Trabajo tiene cuatro categor\u00edas: Gran Cruz, Gran Oficial, Comendador y Oficial y ser\u00e1n otorgadas a los ganadores durante una ceremonia especial a realizarse en la primera semana del mes de mayo, como parte de las celebraciones por el D\u00eda del Trabajo.<\/p>\n<p>El MTPE, recuerda que la Condecoraci\u00f3n de la Orden del Trabajo es el m\u00e1s alto reconocimiento que la Naci\u00f3n concede a los trabajadores e instituciones de la actividad p\u00fablica o privada que han contribuido a favor de mejoras en las relaciones laborales y de la seguridad social. Fue creada en 1964 y es regulada por el Decreto Ley N\u00b0 20585 y el Decreto Supremo N\u00b0 011-2015-TR.<\/p>\n<p>Nota de prensa MTPE<\/p>\n","protected":false},"excerpt":{"rendered":"<p>Podr\u00e1n postular a quienes hayan destacado por acciones distinguidas y servicios meritorios en todo el pa\u00eds Titular del MTPE, Alfonso Adrianz\u00e9n, instal\u00f3 la sesi\u00f3n del Consejo de la Orden de Trabajo que evaluar\u00e1 a los candidatos El Ministerio de Trabajo y Promoci\u00f3n del Empleo (MTPE) lanz\u00f3 la convocatoria para la postulaci\u00f3n a la Condecoraci\u00f3n de [&hellip;]<\/p>\n","protected":false},"author":2,"featured_media":26937,"comment_status":"open","ping_status":"open","sticky":false,"template":"","format":"standard","meta":{"footnotes":""},"categories":[63],"tags":[],"class_list":["post-26936","post","type-post","status-publish","format-standard","has-post-thumbnail","hentry","category-noticias"],"_links":{"self":[{"href":"http:\/\/www.perupesquero.org\/web\/wp-json\/wp\/v2\/posts\/26936","targetHints":{"allow":["GET"]}}],"collection":[{"href":"http:\/\/www.perupesquero.org\/web\/wp-json\/wp\/v2\/posts"}],"about":[{"href":"http:\/\/www.perupesquero.org\/web\/wp-json\/wp\/v2\/types\/post"}],"author":[{"embeddable":true,"href":"http:\/\/www.perupesquero.org\/web\/wp-json\/wp\/v2\/users\/2"}],"replies":[{"embeddable":true,"href":"http:\/\/www.perupesquero.org\/web\/wp-json\/wp\/v2\/comments?post=26936"}],"version-history":[{"count":1,"href":"http:\/\/www.perupesquero.org\/web\/wp-json\/wp\/v2\/posts\/26936\/revisions"}],"predecessor-version":[{"id":26938,"href":"http:\/\/www.perupesquero.org\/web\/wp-json\/wp\/v2\/posts\/26936\/revisions\/26938"}],"wp:featuredmedia":[{"embeddable":true,"href":"http:\/\/www.perupesquero.org\/web\/wp-json\/wp\/v2\/media\/26937"}],"wp:attachment":[{"href":"http:\/\/www.perupesquero.org\/web\/wp-json\/wp\/v2\/media?parent=26936"}],"wp:term":[{"taxonomy":"category","embeddable":true,"href":"http:\/\/www.perupesquero.org\/web\/wp-json\/wp\/v2\/categories?post=26936"},{"taxonomy":"post_tag","embeddable":true,"href":"http:\/\/www.perupesquero.org\/web\/wp-json\/wp\/v2\/tags?post=26936"}],"curies":[{"name":"wp","href":"https:\/\/api.w.org\/{rel}","templated":true}]}}