{"id":26930,"date":"2023-04-02T21:10:40","date_gmt":"2023-04-03T02:10:40","guid":{"rendered":"http:\/\/www.perupesquero.org\/web\/?p=26930"},"modified":"2023-04-02T21:10:40","modified_gmt":"2023-04-03T02:10:40","slug":"cambio-climatico-asi-afecta-a-los-ciclos-de-el-nino-y-la-nina","status":"publish","type":"post","link":"http:\/\/www.perupesquero.org\/web\/cambio-climatico-asi-afecta-a-los-ciclos-de-el-nino-y-la-nina\/","title":{"rendered":"Cambio clim\u00e1tico: As\u00ed afecta a los ciclos de El Ni\u00f1o y La Ni\u00f1a"},"content":{"rendered":"<p>Un cambio natural en los vientos del Oc\u00e9ano Pac\u00edfico aumentar\u00eda a\u00fan m\u00e1s las temperaturas globales en 2023, causando estragos en el clima en el planeta.<\/p>\n<p>Si los vientos se ralentizan sobre el Oc\u00e9ano Pac\u00edfico, pondr\u00e1n en marcha una cadena de acontecimientos que podr\u00eda hacer que fuertes lluvias azoten California, m\u00e1s olas de calor lleguen a Europa y sequ\u00edas acaben con las cosechas en varios pa\u00edses, desde\u00a0<a href=\"https:\/\/www.dw.com\/es\/brasil-vaca-muerta-y-el-fracking-pol%C3%A9mica-ambiental-envuelve-a-lula-y-al-bndes\/a-64845038\">Brasil<\/a>\u00a0hasta Indonesia.<\/p>\n<p>Eso es lo que algunos cient\u00edficos esperan que ocurra en 2023, aunque advierten que no lo sabr\u00e1n con certeza hasta el mes de mayo. Un estudio publicado la semana pasada, que utiliza m\u00e9todos establecidos pero que a\u00fan no ha sido revisado por otros cient\u00edficos, estima que el fen\u00f3meno de\u00a0<a href=\"https:\/\/www.dw.com\/es\/objetivos-clim%C3%A1ticos\/t-41091999\">El Ni\u00f1o<\/a>\u00a0tiene alrededor de un 90% de probabilidades de volver este a\u00f1o.<\/p>\n<p>&#8220;Predecimos que ser\u00e1 un\u00a0<a href=\"https:\/\/www.dw.com\/es\/fen%C3%B3meno-de-bajas-mareas-seca-canales-de-venecia\/a-64780076\">fen\u00f3meno<\/a>\u00a0de moderado a fuerte: m\u00e1s de 1,5 grados Celsius (2,7 grados Fahrenheit)&#8221;, afirma Josef Ludescher, cient\u00edfico del Instituto Potsdam de Investigaci\u00f3n del Impacto Clim\u00e1tico, en Alemania, y autor principal del estudio.<\/p>\n<p>Tal cambio, que se producir\u00eda despu\u00e9s de tres a\u00f1os de La Ni\u00f1a, un fen\u00f3meno clim\u00e1tico fr\u00edo, provocar\u00eda olas de calor m\u00e1s intensas y alterar\u00eda las pautas meteorol\u00f3gicas en todo el mundo. &#8220;El Ni\u00f1o es responsable de muchos fen\u00f3menos extremos. Todos los pa\u00edses, de una forma u otra, se ven afectados&#8221;, afirma Regina Rodrigues, ocean\u00f3grafa de la Universidad Federal de Santa Catarina, Brasil.<\/p>\n<p>\u00bfQu\u00e9 son El Ni\u00f1o y La Ni\u00f1a y c\u00f3mo funcionan?<\/p>\n<p>El Ni\u00f1o y La Ni\u00f1a son nombres de patrones complejos de viento y temperatura en el Oc\u00e9ano Pac\u00edfico. Los vientos en el oc\u00e9ano pueden adoptar una de estas tres fases: una es neutra, en la que los vientos soplan de este a oeste; la otra es El Ni\u00f1o, en la que disminuyen la velocidad o incluso se detienen; y luego est\u00e1 La Ni\u00f1a, donde soplan con m\u00e1s fuerza.<\/p>\n<p>&#8220;Estos fen\u00f3menos son vertederos de agua sin precedentes en un lugar que suele ser bastante seco. De repente, por ejemplo, podr\u00edan producirse lluvias masivas cerca de la costa de Per\u00fa&#8221;, explica Erin Coughlan de P\u00e9rez, autora del \u00faltimo informe del Grupo Intergubernamental de Expertos sobre el Cambio Clim\u00e1tico (IPCC) y cient\u00edfica del Centro del Clima de la Cruz Roja.<\/p>\n<p>Los efectos de El Ni\u00f1o se extienden por encima del Oc\u00e9ano Pac\u00edfico y por toda la Tierra. Alteran la trayectoria de las corrientes en chorro (fuertes vientos muy por encima del suelo) que recorren el planeta guiando las lluvias.<\/p>\n<p>\u00bfEs el cambio clim\u00e1tico causante de El Ni\u00f1o y La Ni\u00f1a?<\/p>\n<p>El Ni\u00f1o y La Ni\u00f1a son fen\u00f3menos naturales. Los cient\u00edficos no entienden a\u00fan por completo qu\u00e9 los provoca, pero por los arrecifes de coral y los anillos de los \u00e1rboles saben que siempre han variado.<\/p>\n<p>Hay indicios de que se han acentuado -los episodios de El Ni\u00f1o m\u00e1s intensos registrados han tenido lugar en las \u00faltimas d\u00e9cadas-, pero no est\u00e1 claro si se trata de una mera casualidad.<\/p>\n<p>El IPCC, un organismo cient\u00edfico que eval\u00faa peri\u00f3dicamente las investigaciones sobre el cambio clim\u00e1tico, ha llegado a la conclusi\u00f3n de que existe poca probabilidad de que el calentamiento global haya modificado los fen\u00f3menos de El Ni\u00f1o. Seg\u00fan algunos modelos inform\u00e1ticos, el fen\u00f3meno se intensificar\u00e1 en el futuro, mientras otros dicen que se debilitar\u00e1.<\/p>\n<p>Pero el IPCC tambi\u00e9n concluy\u00f3 que es probable que los efectos de los fen\u00f3menos extremos de El Ni\u00f1o y La Ni\u00f1a sean m\u00e1s graves a medida que el planeta se siga calentando.<\/p>\n<p>Debido a que el aire m\u00e1s caliente puede absorber m\u00e1s humedad, cuando llega el fen\u00f3meno de El Ni\u00f1o eso significa que caer\u00e1 m\u00e1s lluvia a nivel local, explic\u00f3 Ludescher. El aire puede contener un 7% m\u00e1s de vapor de agua por cada 0,1 grado Celsius que se calienta el planeta. Al quemar combustibles f\u00f3siles y destruir bosques, la humanidad ha calentado el planeta 1,2 grados celsius desde la Revoluci\u00f3n Industrial.<\/p>\n<p>Fuente: Made for minds<\/p>\n<p>&nbsp;<\/p>\n","protected":false},"excerpt":{"rendered":"<p>Un cambio natural en los vientos del Oc\u00e9ano Pac\u00edfico aumentar\u00eda a\u00fan m\u00e1s las temperaturas globales en 2023, causando estragos en el clima en el planeta. Si los vientos se ralentizan sobre el Oc\u00e9ano Pac\u00edfico, pondr\u00e1n en marcha una cadena de acontecimientos que podr\u00eda hacer que fuertes lluvias azoten California, m\u00e1s olas de calor lleguen a [&hellip;]<\/p>\n","protected":false},"author":2,"featured_media":26931,"comment_status":"open","ping_status":"open","sticky":false,"template":"","format":"standard","meta":{"footnotes":""},"categories":[63],"tags":[],"class_list":["post-26930","post","type-post","status-publish","format-standard","has-post-thumbnail","hentry","category-noticias"],"_links":{"self":[{"href":"http:\/\/www.perupesquero.org\/web\/wp-json\/wp\/v2\/posts\/26930","targetHints":{"allow":["GET"]}}],"collection":[{"href":"http:\/\/www.perupesquero.org\/web\/wp-json\/wp\/v2\/posts"}],"about":[{"href":"http:\/\/www.perupesquero.org\/web\/wp-json\/wp\/v2\/types\/post"}],"author":[{"embeddable":true,"href":"http:\/\/www.perupesquero.org\/web\/wp-json\/wp\/v2\/users\/2"}],"replies":[{"embeddable":true,"href":"http:\/\/www.perupesquero.org\/web\/wp-json\/wp\/v2\/comments?post=26930"}],"version-history":[{"count":1,"href":"http:\/\/www.perupesquero.org\/web\/wp-json\/wp\/v2\/posts\/26930\/revisions"}],"predecessor-version":[{"id":26932,"href":"http:\/\/www.perupesquero.org\/web\/wp-json\/wp\/v2\/posts\/26930\/revisions\/26932"}],"wp:featuredmedia":[{"embeddable":true,"href":"http:\/\/www.perupesquero.org\/web\/wp-json\/wp\/v2\/media\/26931"}],"wp:attachment":[{"href":"http:\/\/www.perupesquero.org\/web\/wp-json\/wp\/v2\/media?parent=26930"}],"wp:term":[{"taxonomy":"category","embeddable":true,"href":"http:\/\/www.perupesquero.org\/web\/wp-json\/wp\/v2\/categories?post=26930"},{"taxonomy":"post_tag","embeddable":true,"href":"http:\/\/www.perupesquero.org\/web\/wp-json\/wp\/v2\/tags?post=26930"}],"curies":[{"name":"wp","href":"https:\/\/api.w.org\/{rel}","templated":true}]}}