{"id":26906,"date":"2023-03-22T15:20:42","date_gmt":"2023-03-22T20:20:42","guid":{"rendered":"http:\/\/www.perupesquero.org\/web\/?p=26906"},"modified":"2023-03-22T15:20:42","modified_gmt":"2023-03-22T20:20:42","slug":"peru-convocan-a-consejo-de-ministros-extraordinario-este-jueves-por-el-nino-costero","status":"publish","type":"post","link":"http:\/\/www.perupesquero.org\/web\/peru-convocan-a-consejo-de-ministros-extraordinario-este-jueves-por-el-nino-costero\/","title":{"rendered":"Per\u00fa: Convocan a Consejo de Ministros extraordinario este jueves por El Ni\u00f1o costero"},"content":{"rendered":"<p>La presidenta de la rep\u00fablica, Dina Boluarte, convoc\u00f3 para ma\u00f1ana jueves 23 de marzo a una sesi\u00f3n extraordinaria del Consejo de Ministros, a fin de trabajar un plan de acci\u00f3n preventivo ante un posible fen\u00f3meno de El Ni\u00f1o costero.<\/p>\n<p>A trav\u00e9s de sus redes sociales, la Presidencia de la Rep\u00fablica inform\u00f3 que dicha convocatoria responde a que recientemente la Comisi\u00f3n Multisectorial encargada del Estudio Nacional del Fen\u00f3meno &#8216;El Ni\u00f1o&#8217; (Enfen) cambi\u00f3 el estado de vigilancia por el de alerta.<\/p>\n<p>\u201cNuestra prioridad es proteger a las familias peruanas, especialmente a los m\u00e1s vulnerables y estar preparados\u201d, se\u00f1al\u00f3 la publicaci\u00f3n.<\/p>\n<p>El domingo pasado, el presidente del Consejo de Ministros, Alberto Ot\u00e1rola, adelant\u00f3 que seg\u00fan el pron\u00f3stico de Enfen, si bien se espera un Ni\u00f1o Costero leve, existe un 50% de posibilidades que el nivel de alerta se incremente en el transcurso de los meses, por lo que era necesario hacer un seguimiento del fen\u00f3meno, especialmente a partir de mayo, cuando cesen las lluvias.<\/p>\n<p>En ese sentido, se\u00f1al\u00f3 que resulta prioritario cambiar el enfoque que ha tenido la reconstrucci\u00f3n con cambios, para reemplazarla por una nueva entidad, la Autoridad Nacional de Infraestructura, y orientarlo espec\u00edficamente a tareas de prevenci\u00f3n, como la soluci\u00f3n integral de las cuencas de los r\u00edos.<\/p>\n<p>Entre tanto, se desarrolla este mi\u00e9rcoles la sesi\u00f3n ordinaria del Consejo de Ministros, bajo la conducci\u00f3n de la presidente Dina Boluarte.<\/p>\n<p>&nbsp;<\/p>\n","protected":false},"excerpt":{"rendered":"<p>La presidenta de la rep\u00fablica, Dina Boluarte, convoc\u00f3 para ma\u00f1ana jueves 23 de marzo a una sesi\u00f3n extraordinaria del Consejo de Ministros, a fin de trabajar un plan de acci\u00f3n preventivo ante un posible fen\u00f3meno de El Ni\u00f1o costero. A trav\u00e9s de sus redes sociales, la Presidencia de la Rep\u00fablica inform\u00f3 que dicha convocatoria responde [&hellip;]<\/p>\n","protected":false},"author":2,"featured_media":26907,"comment_status":"open","ping_status":"open","sticky":false,"template":"","format":"standard","meta":{"footnotes":""},"categories":[63],"tags":[],"class_list":["post-26906","post","type-post","status-publish","format-standard","has-post-thumbnail","hentry","category-noticias"],"_links":{"self":[{"href":"http:\/\/www.perupesquero.org\/web\/wp-json\/wp\/v2\/posts\/26906","targetHints":{"allow":["GET"]}}],"collection":[{"href":"http:\/\/www.perupesquero.org\/web\/wp-json\/wp\/v2\/posts"}],"about":[{"href":"http:\/\/www.perupesquero.org\/web\/wp-json\/wp\/v2\/types\/post"}],"author":[{"embeddable":true,"href":"http:\/\/www.perupesquero.org\/web\/wp-json\/wp\/v2\/users\/2"}],"replies":[{"embeddable":true,"href":"http:\/\/www.perupesquero.org\/web\/wp-json\/wp\/v2\/comments?post=26906"}],"version-history":[{"count":1,"href":"http:\/\/www.perupesquero.org\/web\/wp-json\/wp\/v2\/posts\/26906\/revisions"}],"predecessor-version":[{"id":26908,"href":"http:\/\/www.perupesquero.org\/web\/wp-json\/wp\/v2\/posts\/26906\/revisions\/26908"}],"wp:featuredmedia":[{"embeddable":true,"href":"http:\/\/www.perupesquero.org\/web\/wp-json\/wp\/v2\/media\/26907"}],"wp:attachment":[{"href":"http:\/\/www.perupesquero.org\/web\/wp-json\/wp\/v2\/media?parent=26906"}],"wp:term":[{"taxonomy":"category","embeddable":true,"href":"http:\/\/www.perupesquero.org\/web\/wp-json\/wp\/v2\/categories?post=26906"},{"taxonomy":"post_tag","embeddable":true,"href":"http:\/\/www.perupesquero.org\/web\/wp-json\/wp\/v2\/tags?post=26906"}],"curies":[{"name":"wp","href":"https:\/\/api.w.org\/{rel}","templated":true}]}}