{"id":26903,"date":"2023-03-22T14:53:07","date_gmt":"2023-03-22T19:53:07","guid":{"rendered":"http:\/\/www.perupesquero.org\/web\/?p=26903"},"modified":"2023-03-22T14:53:07","modified_gmt":"2023-03-22T19:53:07","slug":"chile-subpesca-y-sernapesca-presentan-registro-de-actividades-conexas","status":"publish","type":"post","link":"http:\/\/www.perupesquero.org\/web\/chile-subpesca-y-sernapesca-presentan-registro-de-actividades-conexas\/","title":{"rendered":"Chile: Subpesca y Sernapesca presentan registro de actividades conexas"},"content":{"rendered":"<p>En el marco de la implementaci\u00f3n de la Ley N\u00b0 21.370 que promueve la equidad de g\u00e9nero en el sector pesquero y acu\u00edcola, la Subsecretar\u00eda de Pesca y Acuicultura (Subpesca) y el Servicio Nacional de Pesca y Acuicultura (Sernapesca) presentaron el Registro de Actividades Conexas (RAC).<\/p>\n<p>Se trata de un catastro que contempla el n\u00famero de personas dedicadas a estas actividades como encarnado, charqueado, ahumado, fileteo, entre otras, identificando su oficio en espec\u00edfico y ubicaci\u00f3n geogr\u00e1fica.<\/p>\n<p>\u201cLa mayor\u00eda de estas labores son desarrolladas en gran parte por las mujeres y queremos dar respuesta a la demanda hist\u00f3rica del sector sobre visibilizar y reconocer sus aportes a la cadena de valor de la pesca artesanal\u201d, explic\u00f3 el subsecretario Julio Salas.<br \/>\n\u201cEsta medida permitir\u00e1, en el corto y mediano plano, crear instrumentos de fomento productivo a los cuales, los y las inscritas, podr\u00e1n acceder para seguir creciendo en torno a la pesca artesanal y mejorar sus condiciones laborales\u201d, agreg\u00f3.<\/p>\n<p>Por su parte, la Directora del Sernapesca, Soledad Tapia manifest\u00f3 que est\u00e1n muy contentos con la presentaci\u00f3n del sistema de Registro de Actividades Conexas (RAC), \u201ccon el cual iniciamos una marcha blanca que durar\u00e1 tres meses donde haremos pruebas con las y los usuarios para optmizarlo e iniciar posteriormente el proceso de inscripci\u00f3n donde nos acercaremos a las caletas para capacitar en el uso de la plataforma y comenzar con la implementaci\u00f3n de este registro que permitir\u00e1 visibilizar las actividades que realizan muchos hombres pero tambi\u00e9n muchas mujeres que dan soporte a la pesca artesanal en todo nuestro pa\u00eds\u201d.<\/p>\n<p>Desde la Subsecretar\u00eda se explica que, en esta primera etapa, el registro se abrir\u00e1 para las siete actividades que se\u00f1ala la Ley 21.370 (ahumadoras y ahumadores, carapacheras y carapacheros, charqueadoras y charqueadores, desconchadoras y desconchadores, encarnadoras y encarnadores, fileteadoras y fileteadores, tejedoras y tejedores), a las cuales se ir\u00e1n incluyendo en una segunda instancia, toda la diversidad de actividades conexas que se desarrollan a lo largo del pa\u00eds.<\/p>\n<p>Entre algunos de los requisitos para ser parte del registro se encuentran: acreditar domicilio en la regi\u00f3n especificando comuna y caleta base en la cual se solicita la inscripci\u00f3n;\u00a0y acreditar que \u00e9l o la interesada realiza la actividad en la cual desea inscribirse en la regi\u00f3n respectiva.<\/p>\n<p>Las autoridades del sector enfatizaron que durante marzo, abril y mayo se desarrollar\u00e1 un per\u00edodo de marcha blanca, y que el proceso oficial de inscripci\u00f3n ser\u00e1 difundido prontamente en el territorio por las direcciones zonales de Subpesca y las oficinas regionales de Sernapesca; as\u00ed como tambi\u00e9n en las plataformas oficiales de ambas instituciones.<\/p>\n<p>La creaci\u00f3n de este registro se encuentra plasmada en la\u00a0resoluci\u00f3n exenta de Subpesca N\u00b0699, en ella se precisa que\u00a0\u201ces deber del Estado generar las condiciones para propender a reducir y\/o eliminar la precarizacio\u0301n laboral que principalmente aqueja a las mujeres del sector pesquero artesanal mediante la transversalizacio\u0301n del enfoque de ge\u0301nero en el disen\u0303o de poli\u0301ticas pu\u0301blicas a cargo de la Subsecretari\u0301a de Pesca y Acuicultura, y que resulta necesario avanzar en mecanismos que permitan reconocer y poner en valor la importante labor en el desarrollo de las actividades conexas, que hist\u00e9ricamente han estado vinculadas a la actividad extractiva\u201d.<\/p>\n<p>Fuente: Noticias<\/p>\n<p>&nbsp;<\/p>\n","protected":false},"excerpt":{"rendered":"<p>En el marco de la implementaci\u00f3n de la Ley N\u00b0 21.370 que promueve la equidad de g\u00e9nero en el sector pesquero y acu\u00edcola, la Subsecretar\u00eda de Pesca y Acuicultura (Subpesca) y el Servicio Nacional de Pesca y Acuicultura (Sernapesca) presentaron el Registro de Actividades Conexas (RAC). Se trata de un catastro que contempla el n\u00famero [&hellip;]<\/p>\n","protected":false},"author":2,"featured_media":26904,"comment_status":"open","ping_status":"open","sticky":false,"template":"","format":"standard","meta":{"footnotes":""},"categories":[63],"tags":[],"class_list":["post-26903","post","type-post","status-publish","format-standard","has-post-thumbnail","hentry","category-noticias"],"_links":{"self":[{"href":"http:\/\/www.perupesquero.org\/web\/wp-json\/wp\/v2\/posts\/26903","targetHints":{"allow":["GET"]}}],"collection":[{"href":"http:\/\/www.perupesquero.org\/web\/wp-json\/wp\/v2\/posts"}],"about":[{"href":"http:\/\/www.perupesquero.org\/web\/wp-json\/wp\/v2\/types\/post"}],"author":[{"embeddable":true,"href":"http:\/\/www.perupesquero.org\/web\/wp-json\/wp\/v2\/users\/2"}],"replies":[{"embeddable":true,"href":"http:\/\/www.perupesquero.org\/web\/wp-json\/wp\/v2\/comments?post=26903"}],"version-history":[{"count":1,"href":"http:\/\/www.perupesquero.org\/web\/wp-json\/wp\/v2\/posts\/26903\/revisions"}],"predecessor-version":[{"id":26905,"href":"http:\/\/www.perupesquero.org\/web\/wp-json\/wp\/v2\/posts\/26903\/revisions\/26905"}],"wp:featuredmedia":[{"embeddable":true,"href":"http:\/\/www.perupesquero.org\/web\/wp-json\/wp\/v2\/media\/26904"}],"wp:attachment":[{"href":"http:\/\/www.perupesquero.org\/web\/wp-json\/wp\/v2\/media?parent=26903"}],"wp:term":[{"taxonomy":"category","embeddable":true,"href":"http:\/\/www.perupesquero.org\/web\/wp-json\/wp\/v2\/categories?post=26903"},{"taxonomy":"post_tag","embeddable":true,"href":"http:\/\/www.perupesquero.org\/web\/wp-json\/wp\/v2\/tags?post=26903"}],"curies":[{"name":"wp","href":"https:\/\/api.w.org\/{rel}","templated":true}]}}