{"id":26858,"date":"2023-03-08T15:56:30","date_gmt":"2023-03-08T20:56:30","guid":{"rendered":"http:\/\/www.perupesquero.org\/web\/?p=26858"},"modified":"2023-03-08T15:56:30","modified_gmt":"2023-03-08T20:56:30","slug":"ciclon-yaku-que-influye-en-las-lluvias-se-presenta-frente-al-mar-peruano","status":"publish","type":"post","link":"http:\/\/www.perupesquero.org\/web\/ciclon-yaku-que-influye-en-las-lluvias-se-presenta-frente-al-mar-peruano\/","title":{"rendered":"Cicl\u00f3n Yaku que influye en las lluvias se presenta frente al mar peruano"},"content":{"rendered":"<p>El Servicio Nacional de Meteorolog\u00eda e Hidrolog\u00eda del Per\u00fa (Senamhi)\u00a0<a href=\"https:\/\/www.gob.pe\/institucion\/senamhi\/noticias\/721545-ciclon-yaku-se-presenta-frente-al-mar-peruano\">inform\u00f3<\/a>\u00a0que, frente a la costa norte y centro del Per\u00fa\u00a0se presenta un inusual \u201ccicl\u00f3n de caracter\u00edsticas tropicales no organizado\u201d.<\/p>\n<p>Este sistema de baja presi\u00f3n de giro horario\u00a0est\u00e1 asociado al calentamiento de la temperatura superficial del mar\u00a0y a la segunda banda de la Zona de Convergencia Intertropical (ZCIT).<\/p>\n<p>El cicl\u00f3n Yaku influye en las lluvias extremas en\u00a0Tumbes, Piura y Lambayeque, sectores ubicados al norte de Per\u00fa,\u00a0cerca de la frontera con Ecuador.<\/p>\n<p>Se espera que, en los pr\u00f3ximos d\u00edas, el fen\u00f3meno contribuya en la intensificaci\u00f3n de las lluvias en la Libertad, Lima y \u00c1ncash, especialmente en las cuencas medias de la vertiente del Pac\u00edfico,\u00a0generando incremento de caudales y activaci\u00f3n de quebradas, detalla la entidad.<\/p>\n<p>El Senamhi detalla que sus especialistas identificaron la formaci\u00f3n de Yaku a finales de febrero; a la fecha se visualiza su formaci\u00f3n y se mantiene el monitoreo de este sistema y su recorrido para una posible actualizaci\u00f3n de los pron\u00f3sticos y avisos meteorol\u00f3gicos.<\/p>\n<p>La entidad peruana de control meteorol\u00f3gico indica que continuar\u00e1 informando sobre las condiciones del tiempo y clima a nivel nacional.<\/p>\n<p>Fuente: El Universo<\/p>\n","protected":false},"excerpt":{"rendered":"<p>El Servicio Nacional de Meteorolog\u00eda e Hidrolog\u00eda del Per\u00fa (Senamhi)\u00a0inform\u00f3\u00a0que, frente a la costa norte y centro del Per\u00fa\u00a0se presenta un inusual \u201ccicl\u00f3n de caracter\u00edsticas tropicales no organizado\u201d. Este sistema de baja presi\u00f3n de giro horario\u00a0est\u00e1 asociado al calentamiento de la temperatura superficial del mar\u00a0y a la segunda banda de la Zona de Convergencia Intertropical [&hellip;]<\/p>\n","protected":false},"author":2,"featured_media":26859,"comment_status":"open","ping_status":"open","sticky":false,"template":"","format":"standard","meta":{"footnotes":""},"categories":[63],"tags":[],"class_list":["post-26858","post","type-post","status-publish","format-standard","has-post-thumbnail","hentry","category-noticias"],"_links":{"self":[{"href":"http:\/\/www.perupesquero.org\/web\/wp-json\/wp\/v2\/posts\/26858","targetHints":{"allow":["GET"]}}],"collection":[{"href":"http:\/\/www.perupesquero.org\/web\/wp-json\/wp\/v2\/posts"}],"about":[{"href":"http:\/\/www.perupesquero.org\/web\/wp-json\/wp\/v2\/types\/post"}],"author":[{"embeddable":true,"href":"http:\/\/www.perupesquero.org\/web\/wp-json\/wp\/v2\/users\/2"}],"replies":[{"embeddable":true,"href":"http:\/\/www.perupesquero.org\/web\/wp-json\/wp\/v2\/comments?post=26858"}],"version-history":[{"count":1,"href":"http:\/\/www.perupesquero.org\/web\/wp-json\/wp\/v2\/posts\/26858\/revisions"}],"predecessor-version":[{"id":26860,"href":"http:\/\/www.perupesquero.org\/web\/wp-json\/wp\/v2\/posts\/26858\/revisions\/26860"}],"wp:featuredmedia":[{"embeddable":true,"href":"http:\/\/www.perupesquero.org\/web\/wp-json\/wp\/v2\/media\/26859"}],"wp:attachment":[{"href":"http:\/\/www.perupesquero.org\/web\/wp-json\/wp\/v2\/media?parent=26858"}],"wp:term":[{"taxonomy":"category","embeddable":true,"href":"http:\/\/www.perupesquero.org\/web\/wp-json\/wp\/v2\/categories?post=26858"},{"taxonomy":"post_tag","embeddable":true,"href":"http:\/\/www.perupesquero.org\/web\/wp-json\/wp\/v2\/tags?post=26858"}],"curies":[{"name":"wp","href":"https:\/\/api.w.org\/{rel}","templated":true}]}}