{"id":26849,"date":"2023-03-07T15:18:21","date_gmt":"2023-03-07T20:18:21","guid":{"rendered":"http:\/\/www.perupesquero.org\/web\/?p=26849"},"modified":"2023-03-07T15:18:21","modified_gmt":"2023-03-07T20:18:21","slug":"peru-caravana-pesquera-llevara-pescado-barato-a-la-libertad","status":"publish","type":"post","link":"http:\/\/www.perupesquero.org\/web\/peru-caravana-pesquera-llevara-pescado-barato-a-la-libertad\/","title":{"rendered":"Per\u00fa: &#8220;Caravana pesquera\u201d llevar\u00e1 pescado barato a La Libertad"},"content":{"rendered":"<p>Con el objetivo de incrementar el consumo de pescado en el Per\u00fa, el ministro de la Producci\u00f3n, Ra\u00fal P\u00e9rez Reyes, lleg\u00f3 a la regi\u00f3n La Libertad para inaugurar la Caravana Pesquera que se realizar\u00e1 del 7 al 11 de marzo en los distritos de El Porvenir, Ascope, Casa Grande, Chicama y Chocope.<\/p>\n<p>La actividad, organizada por el Programa Nacional A Comer Pescado (PNACP) del Ministerio de la Producci\u00f3n (Produce), llevar\u00e1 a la mesa de los liberte\u00f1os, pescado bonito a S\/ 2.80 el kilo, contribuyendo as\u00ed con la erradicaci\u00f3n de la anemia y la reactivaci\u00f3n econ\u00f3mica de los pescadores artesanales que venden directamente sus productos, sin intermediarios.<\/p>\n<p>Precisamente, el ministro destac\u00f3 el compromiso del gobernador de La Libertad para apoyar a que las ferias Mi Pescader\u00eda de Produce lleguen a todos los distritos de la regi\u00f3n con venta de pescado a bajos precios.<\/p>\n<p>\u201cEstamos haciendo campa\u00f1as de educaci\u00f3n para elevar el consumo de pescado, trayendo a las MYPE que venden conservas de bonito, caballa y anchoveta; y tambi\u00e9n ofertando pescado fresco de temporada para que las familias tengan opciones para alimentarse saludablemente\u201d, asever\u00f3.<\/p>\n<p>Es importante adem\u00e1s mencionar que aqu\u00ed, no solo se expenden los productos hidrobiol\u00f3gicos, sino que tambi\u00e9n a trav\u00e9s de cocinas demostrativas se difunden recetas que permiten conservar todo el valor nutricional del pescado.<\/p>\n<p>El ministro tambi\u00e9n destac\u00f3 que gracias a la medida de Con Punche Productivo se incrementar\u00e1 el presupuesto del PNACP en S\/ 17 millones.\u00a0 \u201cEl a\u00f1o pasado colocamos alrededor de 2000 toneladas de pescado y ahora queremos llegar a 6000 toneladas a trav\u00e9s de 15 000 ferias a nivel nacional para desarrollar buenos h\u00e1bitos alimenticios\u201d, declar\u00f3.<\/p>\n<p>El titular de Produce estuvo acompa\u00f1ado por el gobernador regional de La Libertad, C\u00e9sar Acu\u00f1a; la viceministra de Pesca y Acuicultura, Desil\u00fa Le\u00f3n; representantes de la municipalidad de El Porvenir y del Programa Nacional A Comer.<\/p>\n<p>Cifras en La Libertad<\/p>\n<p>En lo que va del a\u00f1o, solo en la Libertad se han ofertado m\u00e1s de 20 toneladas de pescado y 25 779 latas de conservas de pescado, beneficiando a 19 mil familias de bajos recursos. En tanto, los pescadores y productores artesanales obtuvieron ganancias de m\u00e1s de S\/ 158 mil, gracias a la comercializaci\u00f3n de su producci\u00f3n.<\/p>\n<p>Nota de prensa Ministerio de la Producci\u00f3n<\/p>\n","protected":false},"excerpt":{"rendered":"<p>Con el objetivo de incrementar el consumo de pescado en el Per\u00fa, el ministro de la Producci\u00f3n, Ra\u00fal P\u00e9rez Reyes, lleg\u00f3 a la regi\u00f3n La Libertad para inaugurar la Caravana Pesquera que se realizar\u00e1 del 7 al 11 de marzo en los distritos de El Porvenir, Ascope, Casa Grande, Chicama y Chocope. La actividad, organizada [&hellip;]<\/p>\n","protected":false},"author":2,"featured_media":26850,"comment_status":"open","ping_status":"open","sticky":false,"template":"","format":"standard","meta":{"footnotes":""},"categories":[63],"tags":[],"class_list":["post-26849","post","type-post","status-publish","format-standard","has-post-thumbnail","hentry","category-noticias"],"_links":{"self":[{"href":"http:\/\/www.perupesquero.org\/web\/wp-json\/wp\/v2\/posts\/26849","targetHints":{"allow":["GET"]}}],"collection":[{"href":"http:\/\/www.perupesquero.org\/web\/wp-json\/wp\/v2\/posts"}],"about":[{"href":"http:\/\/www.perupesquero.org\/web\/wp-json\/wp\/v2\/types\/post"}],"author":[{"embeddable":true,"href":"http:\/\/www.perupesquero.org\/web\/wp-json\/wp\/v2\/users\/2"}],"replies":[{"embeddable":true,"href":"http:\/\/www.perupesquero.org\/web\/wp-json\/wp\/v2\/comments?post=26849"}],"version-history":[{"count":1,"href":"http:\/\/www.perupesquero.org\/web\/wp-json\/wp\/v2\/posts\/26849\/revisions"}],"predecessor-version":[{"id":26851,"href":"http:\/\/www.perupesquero.org\/web\/wp-json\/wp\/v2\/posts\/26849\/revisions\/26851"}],"wp:featuredmedia":[{"embeddable":true,"href":"http:\/\/www.perupesquero.org\/web\/wp-json\/wp\/v2\/media\/26850"}],"wp:attachment":[{"href":"http:\/\/www.perupesquero.org\/web\/wp-json\/wp\/v2\/media?parent=26849"}],"wp:term":[{"taxonomy":"category","embeddable":true,"href":"http:\/\/www.perupesquero.org\/web\/wp-json\/wp\/v2\/categories?post=26849"},{"taxonomy":"post_tag","embeddable":true,"href":"http:\/\/www.perupesquero.org\/web\/wp-json\/wp\/v2\/tags?post=26849"}],"curies":[{"name":"wp","href":"https:\/\/api.w.org\/{rel}","templated":true}]}}