{"id":26830,"date":"2023-03-05T20:58:07","date_gmt":"2023-03-06T01:58:07","guid":{"rendered":"http:\/\/www.perupesquero.org\/web\/?p=26830"},"modified":"2023-03-05T20:58:07","modified_gmt":"2023-03-06T01:58:07","slug":"gobierno-implementa-medidas-por-lluvias-intensas-en-el-norte","status":"publish","type":"post","link":"http:\/\/www.perupesquero.org\/web\/gobierno-implementa-medidas-por-lluvias-intensas-en-el-norte\/","title":{"rendered":"Gobierno implementa medidas por lluvias intensas en el norte"},"content":{"rendered":"<p>El ministro de Defensa, Jorge Ch\u00e1vez Cresta, inform\u00f3 que ante el escenario de pr\u00f3ximas lluvias intensas en el norte del pa\u00eds se tomaron todas las medidas y precauciones necesarias por la presencia de estas precipitaciones pluviales.<\/p>\n<p>Indic\u00f3 que de acuerdo a la informaci\u00f3n recibida en diversas reuniones con el Servicio Nacional de Meteorolog\u00eda e Hidrolog\u00eda del Per\u00fa (Senamhi), se presentar\u00e1 un escenario de lluvias muy fuertes en la zona norte.Senamhi anunci\u00f3 que hasta el domingo 12 de marzo Piura soportar\u00e1 un per\u00edodo de lluvias intensas.<\/p>\n<p>\u201cAnte el incremento de la temperatura en el litoral de la costa norte, particularmente en la zona sierra, se han tomado todas las precauciones necesarias ante las lluvias intensas\u201d, dijo en entrevista concedida a Radio Nacional.<\/p>\n<p>El ministro precis\u00f3 que visit\u00f3 Piura y Lambayeque, zonas que ser\u00e1n posiblemente afectadas por las lluvias intensas que se presentar\u00e1n.<\/p>\n<p>Ni\u00f1o global<\/p>\n<p>En otro momento anunci\u00f3 que en un comunicado la Comisi\u00f3n Multisectorial del Estudio Nacional del Fen\u00f3meno El Ni\u00f1o (Enfen) inform\u00f3 sobre el cambio del sistema de alerta de no activo a un sistema de vigilancia de El Ni\u00f1o costero y que organismos cient\u00edficos internacionales y el Senamhi indican la probabilidad de un El Ni\u00f1o global para el 2024.<\/p>\n<p>\u201cAnte este posible escenario, estamos tomando todas las previsiones para prepararnos con la debida anticipaci\u00f3n. El martes nos desplazaremos a Tumbes llevando a toda la comunidad cient\u00edfica para tomar las acciones y prepararnos para el pr\u00f3ximo a\u00f1o\u201d, afirm\u00f3.<\/p>\n<p>Por ello, explic\u00f3 que se est\u00e1n dirigiendo a los centros de operaciones de emergencia regionales donde est\u00e1n instaladas las plataformas de Defensa Civil, reuniendo a todas las entidades y autoridades, \u201cporque por medio de ellos se dan las acciones preventivas\u201d. \u201cEstamos trabajando en proyecci\u00f3n a los escenarios del pr\u00f3ximo a\u00f1o. No debe ocurrir lo que pas\u00f3 en el 2017, tenemos las lecciones aprendidas y veo en las autoridades una articulaci\u00f3n y coordinaci\u00f3n mucho mejor de lo que hab\u00eda en ese entonces\u201d, agreg\u00f3. Por su parte, el gobernador regional de Piura, Luis Neyra Le\u00f3n, inform\u00f3 que cuenta con una partida presupuestal de m\u00e1s de 3 millones de soles para afrontar eventualidades frente a las intensas lluvias que se registran en el departamento, sobre todo en la parte de la sierra piurana. \u201cSon 50 distritos considerados en la declaraci\u00f3n de emergencia\u201d.<\/p>\n<p>Estado de emergencia<\/p>\n<p>De acuerdo con el Decreto Supremo N\u00b0 029-2023-PCM, son 233 distritos pertenecientes a 56 provincias de las regiones \u00c1ncash, Cajamarca, La Libertad, Lambayeque, Lima, Piura y Tumbes, que se encuentran en situaci\u00f3n de riesgo constante a ra\u00edz de las intensas lluvias.<\/p>\n<p>Fuente: El Peruano<\/p>\n","protected":false},"excerpt":{"rendered":"<p>El ministro de Defensa, Jorge Ch\u00e1vez Cresta, inform\u00f3 que ante el escenario de pr\u00f3ximas lluvias intensas en el norte del pa\u00eds se tomaron todas las medidas y precauciones necesarias por la presencia de estas precipitaciones pluviales. Indic\u00f3 que de acuerdo a la informaci\u00f3n recibida en diversas reuniones con el Servicio Nacional de Meteorolog\u00eda e Hidrolog\u00eda [&hellip;]<\/p>\n","protected":false},"author":2,"featured_media":26831,"comment_status":"open","ping_status":"open","sticky":false,"template":"","format":"standard","meta":{"footnotes":""},"categories":[63],"tags":[],"class_list":["post-26830","post","type-post","status-publish","format-standard","has-post-thumbnail","hentry","category-noticias"],"_links":{"self":[{"href":"http:\/\/www.perupesquero.org\/web\/wp-json\/wp\/v2\/posts\/26830","targetHints":{"allow":["GET"]}}],"collection":[{"href":"http:\/\/www.perupesquero.org\/web\/wp-json\/wp\/v2\/posts"}],"about":[{"href":"http:\/\/www.perupesquero.org\/web\/wp-json\/wp\/v2\/types\/post"}],"author":[{"embeddable":true,"href":"http:\/\/www.perupesquero.org\/web\/wp-json\/wp\/v2\/users\/2"}],"replies":[{"embeddable":true,"href":"http:\/\/www.perupesquero.org\/web\/wp-json\/wp\/v2\/comments?post=26830"}],"version-history":[{"count":1,"href":"http:\/\/www.perupesquero.org\/web\/wp-json\/wp\/v2\/posts\/26830\/revisions"}],"predecessor-version":[{"id":26832,"href":"http:\/\/www.perupesquero.org\/web\/wp-json\/wp\/v2\/posts\/26830\/revisions\/26832"}],"wp:featuredmedia":[{"embeddable":true,"href":"http:\/\/www.perupesquero.org\/web\/wp-json\/wp\/v2\/media\/26831"}],"wp:attachment":[{"href":"http:\/\/www.perupesquero.org\/web\/wp-json\/wp\/v2\/media?parent=26830"}],"wp:term":[{"taxonomy":"category","embeddable":true,"href":"http:\/\/www.perupesquero.org\/web\/wp-json\/wp\/v2\/categories?post=26830"},{"taxonomy":"post_tag","embeddable":true,"href":"http:\/\/www.perupesquero.org\/web\/wp-json\/wp\/v2\/tags?post=26830"}],"curies":[{"name":"wp","href":"https:\/\/api.w.org\/{rel}","templated":true}]}}