{"id":26827,"date":"2023-03-05T20:17:11","date_gmt":"2023-03-06T01:17:11","guid":{"rendered":"http:\/\/www.perupesquero.org\/web\/?p=26827"},"modified":"2023-03-05T20:17:11","modified_gmt":"2023-03-06T01:17:11","slug":"ecuador-estrena-reserva-marina-en-our-ocean-2023","status":"publish","type":"post","link":"http:\/\/www.perupesquero.org\/web\/ecuador-estrena-reserva-marina-en-our-ocean-2023\/","title":{"rendered":"Ecuador estrena Reserva Marina en Our Ocean 2023"},"content":{"rendered":"<p>En el marco del evento Our Ocean 2023 celebrado en Panam\u00e1, el presidente ecuatoriano Guillermo Lasso, anunci\u00f3\u00a0<strong>la creaci\u00f3n de las primeras 8 millas mar\u00edtimas del Ecuador como Reserva Marina a lo largo del perfil costero continental.<\/strong><\/p>\n<p>El presidente Lasso mencion\u00f3 que esta Reserva Marina es la primera en su tipo en Ecuador y el mundo;\u00a0<strong>proteger\u00e1 a especies emblem\u00e1ticas<\/strong>\u00a0como las mantarrayas, tiburones, ballenas jorobadas y cuatro de las siete especies de tortugas marinas del mundo. Su superficie ser\u00e1 de aproximadamente 1.5 hect\u00e1reas y formar\u00e1 parte del Sistema Nacional de \u00c1reas Protegidas del Ecuador.<\/p>\n<p>Con esta iniciativa, se\u00f1al\u00f3 Guillerno Lasso, \u201cEcuador garantizar\u00e1 la protecci\u00f3n de las especies m\u00e1s representativas del Oc\u00e9ano Pac\u00edfico\u201d, mediante el equilibrio y salud de los ecosistemas bioacu\u00e1ticos, y aportando a la comunidad cient\u00edfica un mayor conocimiento sobre esta \u00e1rea.<\/p>\n<p>Seg\u00fan las autoridades,\u00a0<strong>Ecuador marcar\u00e1 un nuevo hito en su pol\u00edtica de Transici\u00f3n Ecol\u00f3gica<\/strong><strong>,<\/strong> y garantizar\u00e1 la protecci\u00f3n del 100% de ecosistemas de manglares, arrecifes, corales, islas e islotes y ca\u00f1ones submarinos.<\/p>\n<p>Gustavo Manrique, ministro de Producci\u00f3n, Comercio Exterior, Inversiones y Pesca, indic\u00f3: \u201cCon esta acci\u00f3n, Ecuador vuelve a ser un referente del mundo con esta zona de conservaci\u00f3n se asegurar\u00e1 la protecci\u00f3n de hasta el 90% del h\u00e1bitat de la mantarraya gigante, del 52% del tibur\u00f3n azul y se respetar\u00e1n los espacios de anidaci\u00f3n y reproducci\u00f3n de especies vitales para la salud del oc\u00e9ano y la sostenibilidad de nuestros recursos\u201d.<\/p>\n<p>Fuente: realestatemarket<\/p>\n","protected":false},"excerpt":{"rendered":"<p>En el marco del evento Our Ocean 2023 celebrado en Panam\u00e1, el presidente ecuatoriano Guillermo Lasso, anunci\u00f3\u00a0la creaci\u00f3n de las primeras 8 millas mar\u00edtimas del Ecuador como Reserva Marina a lo largo del perfil costero continental. El presidente Lasso mencion\u00f3 que esta Reserva Marina es la primera en su tipo en Ecuador y el mundo;\u00a0proteger\u00e1 [&hellip;]<\/p>\n","protected":false},"author":2,"featured_media":26828,"comment_status":"open","ping_status":"open","sticky":false,"template":"","format":"standard","meta":{"footnotes":""},"categories":[63],"tags":[],"class_list":["post-26827","post","type-post","status-publish","format-standard","has-post-thumbnail","hentry","category-noticias"],"_links":{"self":[{"href":"http:\/\/www.perupesquero.org\/web\/wp-json\/wp\/v2\/posts\/26827","targetHints":{"allow":["GET"]}}],"collection":[{"href":"http:\/\/www.perupesquero.org\/web\/wp-json\/wp\/v2\/posts"}],"about":[{"href":"http:\/\/www.perupesquero.org\/web\/wp-json\/wp\/v2\/types\/post"}],"author":[{"embeddable":true,"href":"http:\/\/www.perupesquero.org\/web\/wp-json\/wp\/v2\/users\/2"}],"replies":[{"embeddable":true,"href":"http:\/\/www.perupesquero.org\/web\/wp-json\/wp\/v2\/comments?post=26827"}],"version-history":[{"count":1,"href":"http:\/\/www.perupesquero.org\/web\/wp-json\/wp\/v2\/posts\/26827\/revisions"}],"predecessor-version":[{"id":26829,"href":"http:\/\/www.perupesquero.org\/web\/wp-json\/wp\/v2\/posts\/26827\/revisions\/26829"}],"wp:featuredmedia":[{"embeddable":true,"href":"http:\/\/www.perupesquero.org\/web\/wp-json\/wp\/v2\/media\/26828"}],"wp:attachment":[{"href":"http:\/\/www.perupesquero.org\/web\/wp-json\/wp\/v2\/media?parent=26827"}],"wp:term":[{"taxonomy":"category","embeddable":true,"href":"http:\/\/www.perupesquero.org\/web\/wp-json\/wp\/v2\/categories?post=26827"},{"taxonomy":"post_tag","embeddable":true,"href":"http:\/\/www.perupesquero.org\/web\/wp-json\/wp\/v2\/tags?post=26827"}],"curies":[{"name":"wp","href":"https:\/\/api.w.org\/{rel}","templated":true}]}}