{"id":26810,"date":"2023-02-28T13:58:33","date_gmt":"2023-02-28T18:58:33","guid":{"rendered":"http:\/\/www.perupesquero.org\/web\/?p=26810"},"modified":"2023-02-28T13:58:33","modified_gmt":"2023-02-28T18:58:33","slug":"no-descuidarse-oleajes-anomalos-en-todo-el-litoral-hasta-el-jueves-2-de-marzo","status":"publish","type":"post","link":"http:\/\/www.perupesquero.org\/web\/no-descuidarse-oleajes-anomalos-en-todo-el-litoral-hasta-el-jueves-2-de-marzo\/","title":{"rendered":"\u00a1No descuidarse!: Oleajes an\u00f3malos en todo el litoral hasta el jueves 2 de marzo"},"content":{"rendered":"<p>El Instituto Nacional de Defensa Civil (INDECI) recomienda medidas de preparaci\u00f3n ante el Aviso Especial N.\u00ba 012, elaborado por la Direcci\u00f3n de Hidrograf\u00eda y Navegaci\u00f3n (DHN) de la Marina de Guerra del Per\u00fa, que informa sobre la ocurrencia de oleajes de ligera intensidad en todo el litoral, que suceder\u00edan desde el lunes 27 al jueves 2 de marzo.<\/p>\n<p>De acuerdo al pron\u00f3stico en menci\u00f3n, en el litoral norte se presentar\u00eda oleaje ligero a partir de la tarde del 28 de febrero, mientras que en el centro (entre Salaverry a cerro Azul) a partir de la ma\u00f1ana del mismo d\u00eda. Por otro lado, en lo que resta del litoral centro (entre Cerro Azul a San Juan) este fen\u00f3meno se har\u00eda presente a partir de la noche del lunes 27 de febrero, al igual que en el litoral sur.<\/p>\n<p>Ante esta situaci\u00f3n, el INDECI exhorta a las autoridades regionales y locales orientar a la poblaci\u00f3n en cuanto a medidas de protecci\u00f3n espec\u00edficas, evitando exponerse a este fen\u00f3meno para prevenir accidentes y\/o da\u00f1os personales y materiales.<\/p>\n<p>Asimismo, se recomienda suspender las actividades portuarias y de pesca, as\u00ed como asegurar las embarcaciones y\/o retirar las flotas peque\u00f1as hacia tierra firme. Adem\u00e1s, se debe evitar actividades deportivas y recreativas durante el periodo de oleaje, as\u00ed como campamentos cerca de las zonas de playa.<\/p>\n<p>El INDECI, a trav\u00e9s del Centro de Operaciones de Emergencia Nacional (COEN), monitorea los departamentos del litoral peruano en coordinaci\u00f3n con las oficinas de Gesti\u00f3n del Riesgo de Desastres y la DHN, con la finalidad de brindar informaci\u00f3n a las autoridades y poblaci\u00f3n en general sobre los eventos que se presenten.<\/p>\n<p>Nota de prensa INDECI<\/p>\n<p>&nbsp;<\/p>\n","protected":false},"excerpt":{"rendered":"<p>El Instituto Nacional de Defensa Civil (INDECI) recomienda medidas de preparaci\u00f3n ante el Aviso Especial N.\u00ba 012, elaborado por la Direcci\u00f3n de Hidrograf\u00eda y Navegaci\u00f3n (DHN) de la Marina de Guerra del Per\u00fa, que informa sobre la ocurrencia de oleajes de ligera intensidad en todo el litoral, que suceder\u00edan desde el lunes 27 al jueves [&hellip;]<\/p>\n","protected":false},"author":2,"featured_media":26610,"comment_status":"open","ping_status":"open","sticky":false,"template":"","format":"standard","meta":{"footnotes":""},"categories":[63],"tags":[],"class_list":["post-26810","post","type-post","status-publish","format-standard","has-post-thumbnail","hentry","category-noticias"],"_links":{"self":[{"href":"http:\/\/www.perupesquero.org\/web\/wp-json\/wp\/v2\/posts\/26810","targetHints":{"allow":["GET"]}}],"collection":[{"href":"http:\/\/www.perupesquero.org\/web\/wp-json\/wp\/v2\/posts"}],"about":[{"href":"http:\/\/www.perupesquero.org\/web\/wp-json\/wp\/v2\/types\/post"}],"author":[{"embeddable":true,"href":"http:\/\/www.perupesquero.org\/web\/wp-json\/wp\/v2\/users\/2"}],"replies":[{"embeddable":true,"href":"http:\/\/www.perupesquero.org\/web\/wp-json\/wp\/v2\/comments?post=26810"}],"version-history":[{"count":1,"href":"http:\/\/www.perupesquero.org\/web\/wp-json\/wp\/v2\/posts\/26810\/revisions"}],"predecessor-version":[{"id":26811,"href":"http:\/\/www.perupesquero.org\/web\/wp-json\/wp\/v2\/posts\/26810\/revisions\/26811"}],"wp:featuredmedia":[{"embeddable":true,"href":"http:\/\/www.perupesquero.org\/web\/wp-json\/wp\/v2\/media\/26610"}],"wp:attachment":[{"href":"http:\/\/www.perupesquero.org\/web\/wp-json\/wp\/v2\/media?parent=26810"}],"wp:term":[{"taxonomy":"category","embeddable":true,"href":"http:\/\/www.perupesquero.org\/web\/wp-json\/wp\/v2\/categories?post=26810"},{"taxonomy":"post_tag","embeddable":true,"href":"http:\/\/www.perupesquero.org\/web\/wp-json\/wp\/v2\/tags?post=26810"}],"curies":[{"name":"wp","href":"https:\/\/api.w.org\/{rel}","templated":true}]}}