{"id":26799,"date":"2023-02-22T00:15:46","date_gmt":"2023-02-22T05:15:46","guid":{"rendered":"http:\/\/www.perupesquero.org\/web\/?p=26799"},"modified":"2023-02-22T00:15:46","modified_gmt":"2023-02-22T05:15:46","slug":"lambayeque-grupo-de-trabajo-de-pesca-esperan-la-implementacion-del-ministerio-de-pesqueria","status":"publish","type":"post","link":"http:\/\/www.perupesquero.org\/web\/lambayeque-grupo-de-trabajo-de-pesca-esperan-la-implementacion-del-ministerio-de-pesqueria\/","title":{"rendered":"Lambayeque: Grupo de Trabajo de Pesca esperan la implementaci\u00f3n del Ministerio de Pesquer\u00eda"},"content":{"rendered":"<p>El Grupo de Trabajo de Pesca de la Comisi\u00f3n de Producci\u00f3n, Micro y Peque\u00f1a Empresa y Cooperativas en su primera sesi\u00f3n descentralizada, realizada el 20 de febrero en el distrito de Santa Rosa en la ciudad Chiclayo, manifestaron que el Ejecutivo cumpla con la implementaci\u00f3n del Ministerio de Pesquer\u00eday Acuicultura.<\/p>\n<p>La sesi\u00f3n estuvo dirigida por el presidente del citado grupo, el parlamentario Miguel Ciccia (RP) y participaron representantes del Ministerio de la Producci\u00f3n, autoridades del Gobierno Regional de Lambayeque y de la provincia de Chiclayo; alcaldes distritales y representantes de los pescadores artesanales de Santa Rosa, Pimentel, Puerto Eten, San Jos\u00e9.<\/p>\n<p>En esta mesa de di\u00e1logo se abordaron los siguientes temas: propuestas para una nueva Ley de Pescador Industrial Artesanal; situaci\u00f3n de la pesca en el norte; formalizaci\u00f3n pesquera; situaci\u00f3n del pescador artesanal ante los fen\u00f3menos naturales, propuestas para la mejora de la pesca de la anchoveta; situaci\u00f3n de los pescadores artesanales de la regi\u00f3n Lambayeque, entre otros.<\/p>\n<p>Ciccia dijo, que el Congreso ya ha aprobado la ley declarativa de inter\u00e9s nacional para la creaci\u00f3n del Ministerio de Pesquer\u00eda y Acuicultura y que esperan que el Ejecutivo cumpla con su implementaci\u00f3n.<\/p>\n<p>La congresista Mary Acu\u00f1a (APP) quien asisti\u00f3 en su calidad de parlamentaria representante de la regi\u00f3n Lambayeque, manifest\u00f3 que este espacio de di\u00e1logo es muy importante, porque se recogen las propuestas de todos los actores para un tema pendiente como lo es la Ley de la Pesca.<\/p>\n<p>Asimismo, el congresista Bernardo Pazo (SP), representante de la regi\u00f3n Piura, sostuvo que el sector es el segundo que m\u00e1s aporta al PBI detr\u00e1s de la miner\u00eda; por ello, al igual que el presidente de este grupo de trabajo solicit\u00f3 la reactivaci\u00f3n del Ministerio de la Pesquer\u00eda.<\/p>\n<p>Por su parte, la parlamentaria Jessica C\u00f3rdova (Avanza Pa\u00eds), miembro titular de la Comisi\u00f3n de Producci\u00f3n, Micro y Peque\u00f1a Empresa y Cooperativas y representante de la regi\u00f3n Lambayeque, indic\u00f3 que la Ley General de la Pesca debe beneficiar equitativamente a cada pescador.<\/p>\n<p>Tambi\u00e9n participaron otros congresistas como Jorge Marticorena (PB), Jos\u00e9 Mar\u00eda Balc\u00e1zar (PB) y Marleny Portero (AP).<\/p>\n<p>&nbsp;<\/p>\n","protected":false},"excerpt":{"rendered":"<p>El Grupo de Trabajo de Pesca de la Comisi\u00f3n de Producci\u00f3n, Micro y Peque\u00f1a Empresa y Cooperativas en su primera sesi\u00f3n descentralizada, realizada el 20 de febrero en el distrito de Santa Rosa en la ciudad Chiclayo, manifestaron que el Ejecutivo cumpla con la implementaci\u00f3n del Ministerio de Pesquer\u00eday Acuicultura. La sesi\u00f3n estuvo dirigida por [&hellip;]<\/p>\n","protected":false},"author":2,"featured_media":26800,"comment_status":"open","ping_status":"open","sticky":false,"template":"","format":"standard","meta":{"footnotes":""},"categories":[63],"tags":[],"class_list":["post-26799","post","type-post","status-publish","format-standard","has-post-thumbnail","hentry","category-noticias"],"_links":{"self":[{"href":"http:\/\/www.perupesquero.org\/web\/wp-json\/wp\/v2\/posts\/26799","targetHints":{"allow":["GET"]}}],"collection":[{"href":"http:\/\/www.perupesquero.org\/web\/wp-json\/wp\/v2\/posts"}],"about":[{"href":"http:\/\/www.perupesquero.org\/web\/wp-json\/wp\/v2\/types\/post"}],"author":[{"embeddable":true,"href":"http:\/\/www.perupesquero.org\/web\/wp-json\/wp\/v2\/users\/2"}],"replies":[{"embeddable":true,"href":"http:\/\/www.perupesquero.org\/web\/wp-json\/wp\/v2\/comments?post=26799"}],"version-history":[{"count":1,"href":"http:\/\/www.perupesquero.org\/web\/wp-json\/wp\/v2\/posts\/26799\/revisions"}],"predecessor-version":[{"id":26801,"href":"http:\/\/www.perupesquero.org\/web\/wp-json\/wp\/v2\/posts\/26799\/revisions\/26801"}],"wp:featuredmedia":[{"embeddable":true,"href":"http:\/\/www.perupesquero.org\/web\/wp-json\/wp\/v2\/media\/26800"}],"wp:attachment":[{"href":"http:\/\/www.perupesquero.org\/web\/wp-json\/wp\/v2\/media?parent=26799"}],"wp:term":[{"taxonomy":"category","embeddable":true,"href":"http:\/\/www.perupesquero.org\/web\/wp-json\/wp\/v2\/categories?post=26799"},{"taxonomy":"post_tag","embeddable":true,"href":"http:\/\/www.perupesquero.org\/web\/wp-json\/wp\/v2\/tags?post=26799"}],"curies":[{"name":"wp","href":"https:\/\/api.w.org\/{rel}","templated":true}]}}