{"id":26734,"date":"2023-02-10T09:54:15","date_gmt":"2023-02-10T14:54:15","guid":{"rendered":"http:\/\/www.perupesquero.org\/web\/?p=26734"},"modified":"2023-02-10T09:54:15","modified_gmt":"2023-02-10T14:54:15","slug":"coishco-daran-becas-a-jovenes-para-conseguir-su-primer-empleo","status":"publish","type":"post","link":"http:\/\/www.perupesquero.org\/web\/coishco-daran-becas-a-jovenes-para-conseguir-su-primer-empleo\/","title":{"rendered":"Coishco: Dar\u00e1n becas a j\u00f3venes para conseguir su primer empleo"},"content":{"rendered":"<p><strong><em>Austral Group, en alianza con Forge, entregar\u00e1 100 becas de capacitaci\u00f3n a j\u00f3venes de 18 a 24 a\u00f1os de zonas pesqueras para que puedan acceder al mercado laboral. Los interesados podr\u00e1n inscribirse a las charlas informativas virtuales que se realizar\u00e1n el 16 y 23 de febrero.<\/em><\/strong><\/p>\n<p>Para muchos j\u00f3venes que han terminado sus estudios secundarios, conseguir el primer empleo puede ser muy complicado, debido a que no cuentan con las oportunidades de formaci\u00f3n que hoy en d\u00eda busca el mercado laboral formal.<\/p>\n<p>En ese sentido, la empresa pesquera Austral Group, en alianza con la Fundaci\u00f3n Forge y su programa \u201cTu Futuro\u201d, entregar\u00e1 un total de 100 becas para j\u00f3venes que residen en Coishco y otras zonas pesqueras del pa\u00eds, como Callao, Pisco, Chancay e Ilo, con el fin de brindarles un programa de capacitaci\u00f3n en habilidades socioemocionales y digitales, aportando a su crecimiento y que puedan estar mejor preparados al momento de buscar empleo y acceder al mercado laboral formal.<\/p>\n<p>\u201cEn Austral Group promovemos la inclusi\u00f3n de los y las j\u00f3venes, en especial, de aquellos que residen en nuestras zonas de influencia. Confiamos en que este apoyo redundar\u00e1 positivamente en su formaci\u00f3n, porque ellos y ellas son el futuro del pa\u00eds\u201d, sostuvo Adriana Giudice, CEO de la pesquera.<\/p>\n<p>Los j\u00f3venes interesados podr\u00e1n inscribirse a las charlas informativas virtuales que se llevar\u00e1n a cabo los d\u00edas jueves 16 y 23 de febrero:\u00a0<a href=\"https:\/\/nam02.safelinks.protection.outlook.com\/?url=https%3A%2F%2Fforms.gle%2F8xHwrsAXSc4kk8tq5&amp;data=05%7C01%7Cdcuba%40austral.com.pe%7Cd977b1e2acea493b4d0a08db0564e944%7C5809857b723c4c17b720f76b60c4d028%7C0%7C0%7C638109703734472475%7CUnknown%7CTWFpbGZsb3d8eyJWIjoiMC4wLjAwMDAiLCJQIjoiV2luMzIiLCJBTiI6Ik1haWwiLCJXVCI6Mn0%3D%7C3000%7C%7C%7C&amp;sdata=vxwpqvjP7W9Z%2FVeRum%2FUKrTtKoLLTSkX4inXhsnZFPE%3D&amp;reserved=0\">https:\/\/forms.gle\/8xHwrsAXSc4kk8tq5<\/a><\/p>\n<p>Los requisitos para postular a las becas son: tener entre 18 y 24 a\u00f1os, secundaria completa, dispositivo y conectividad a Internet, y residir en algunas de las zonas pesqueras antes mencionadas.<\/p>\n<p>Preparando tu futuro<\/p>\n<p>Para acceder al mercado laboral formal, los reclutadores est\u00e1n tomando en cuenta ciertas habilidades de aquellos j\u00f3venes postulantes, que les permitan desenvolverse de forma m\u00e1s eficiente en empresas u organizaciones, como, por ejemplo:<\/p>\n<p>&#8211;\u00a0\u00a0\u00a0\u00a0\u00a0\u00a0\u00a0Contar con habilidades blandas, es decir, liderazgo, capacidades comunicativas, soluci\u00f3n de problemas, trabajo en equipo, etc.<\/p>\n<p>&#8211;\u00a0\u00a0\u00a0\u00a0\u00a0\u00a0\u00a0Contar con habilidades digitales, por ejemplo, dominio de la navegaci\u00f3n por Internet y programas inform\u00e1ticos b\u00e1sicos; saber buscar, almacenar y analizar informaci\u00f3n digital; dise\u00f1ar contenido digital, etc.<\/p>\n<p>Precisamente, estos son algunos de los temas que se impartir\u00e1n en los talleres online del programa Tu Futuro, que iniciar\u00e1n el pr\u00f3ximo 13 de marzo, para aquellos j\u00f3venes que obtengan las becas de capacitaci\u00f3n.<\/p>\n<p>Datos:<\/p>\n<p>En las ediciones 2021 y 2022, Austral Group otorg\u00f3 100 y 80 becas, respectivamente, en donde m\u00e1s del 80% de j\u00f3venes culmin\u00f3 su etapa de formaci\u00f3n, logrando que m\u00e1s de 56 j\u00f3venes se inserten al mercado laboral.<\/p>\n<p>En 2022, la Poblaci\u00f3n Econ\u00f3micamente Activa (PEA) retrocedi\u00f3 1.7% (-16,100 personas) entre la poblaci\u00f3n joven de 14 a 24 a\u00f1os de edad, solo en Lima Metropolitana, seg\u00fan el INEI.<\/p>\n<p>Nota de prensa Austral Group<\/p>\n","protected":false},"excerpt":{"rendered":"<p>Austral Group, en alianza con Forge, entregar\u00e1 100 becas de capacitaci\u00f3n a j\u00f3venes de 18 a 24 a\u00f1os de zonas pesqueras para que puedan acceder al mercado laboral. Los interesados podr\u00e1n inscribirse a las charlas informativas virtuales que se realizar\u00e1n el 16 y 23 de febrero. Para muchos j\u00f3venes que han terminado sus estudios secundarios, [&hellip;]<\/p>\n","protected":false},"author":2,"featured_media":26735,"comment_status":"open","ping_status":"open","sticky":false,"template":"","format":"standard","meta":{"footnotes":""},"categories":[63],"tags":[],"class_list":["post-26734","post","type-post","status-publish","format-standard","has-post-thumbnail","hentry","category-noticias"],"_links":{"self":[{"href":"http:\/\/www.perupesquero.org\/web\/wp-json\/wp\/v2\/posts\/26734","targetHints":{"allow":["GET"]}}],"collection":[{"href":"http:\/\/www.perupesquero.org\/web\/wp-json\/wp\/v2\/posts"}],"about":[{"href":"http:\/\/www.perupesquero.org\/web\/wp-json\/wp\/v2\/types\/post"}],"author":[{"embeddable":true,"href":"http:\/\/www.perupesquero.org\/web\/wp-json\/wp\/v2\/users\/2"}],"replies":[{"embeddable":true,"href":"http:\/\/www.perupesquero.org\/web\/wp-json\/wp\/v2\/comments?post=26734"}],"version-history":[{"count":1,"href":"http:\/\/www.perupesquero.org\/web\/wp-json\/wp\/v2\/posts\/26734\/revisions"}],"predecessor-version":[{"id":26736,"href":"http:\/\/www.perupesquero.org\/web\/wp-json\/wp\/v2\/posts\/26734\/revisions\/26736"}],"wp:featuredmedia":[{"embeddable":true,"href":"http:\/\/www.perupesquero.org\/web\/wp-json\/wp\/v2\/media\/26735"}],"wp:attachment":[{"href":"http:\/\/www.perupesquero.org\/web\/wp-json\/wp\/v2\/media?parent=26734"}],"wp:term":[{"taxonomy":"category","embeddable":true,"href":"http:\/\/www.perupesquero.org\/web\/wp-json\/wp\/v2\/categories?post=26734"},{"taxonomy":"post_tag","embeddable":true,"href":"http:\/\/www.perupesquero.org\/web\/wp-json\/wp\/v2\/tags?post=26734"}],"curies":[{"name":"wp","href":"https:\/\/api.w.org\/{rel}","templated":true}]}}