{"id":26728,"date":"2023-02-09T18:17:39","date_gmt":"2023-02-09T23:17:39","guid":{"rendered":"http:\/\/www.perupesquero.org\/web\/?p=26728"},"modified":"2023-02-09T18:17:39","modified_gmt":"2023-02-09T23:17:39","slug":"mexico-reafirma-su-compromiso-con-la-proteccion-del-oceano","status":"publish","type":"post","link":"http:\/\/www.perupesquero.org\/web\/mexico-reafirma-su-compromiso-con-la-proteccion-del-oceano\/","title":{"rendered":"M\u00e9xico reafirma su compromiso con la protecci\u00f3n del oc\u00e9ano"},"content":{"rendered":"<p>M\u00e9xico reafirm\u00f3 su compromiso con la Coalici\u00f3n de las Am\u00e9ricas para la Protecci\u00f3n del Oc\u00e9ano en una reuni\u00f3n de los cuatro pa\u00edses miembros de su panel de alto nivel.<\/p>\n<p>En un comunicado de prensa, la canciller\u00eda mexicana inform\u00f3 que la reuni\u00f3n del Panel Ocean -su nombre en ingl\u00e9s- la cual sesionar\u00e1 hasta este jueves en Canad\u00e1, busca generar espacios de colaboraci\u00f3n, cooperaci\u00f3n y coordinaci\u00f3n entre los pa\u00edses de Am\u00e9rica con costas al oc\u00e9ano Pac\u00edfico.<\/p>\n<p>Se trata de la 29 reuni\u00f3n de Sherpas (gu\u00edas) del Panel de Alto Nivel para una Econom\u00eda Oce\u00e1nica Sostenible (Ocean Panel) que se lleva a cabo en Vancouver en el marco de la Quinta Conferencia Internacional sobre \u00c1reas Marinas Protegidas.<\/p>\n<p>La idea, concret\u00f3, es enfrentar de manera conjunta las amenazas que afectan al oc\u00e9ano y asegurar su debido cuidado.<\/p>\n<p>Indica que la subsecretaria para Asuntos Multilaterales y Derechos Humanos, Martha Delgado, destac\u00f3 en la reuni\u00f3n que M\u00e9xico trabaja para avanzar en la agenda de combate a la pesca ilegal, no declarada y no reglamentada.<\/p>\n<p>M\u00e9xico refrend\u00f3 su compromiso para seguir impulsando la agenda de la Coalici\u00f3n de las Am\u00e9ricas por la Protecci\u00f3n del Oc\u00e9ano, integrada por Canad\u00e1, Chile, Colombia, Costa Rica, Ecuador, Estados Unidos, M\u00e9xico Panam\u00e1 y Per\u00fa.<\/p>\n<p>Delgado Peralta, en su condici\u00f3n de sherpa de M\u00e9xico ante el Ocean Panel, en su intervenci\u00f3n consider\u00f3 que un di\u00e1logo regional podr\u00eda celebrarse durante el primer semestre de este a\u00f1o para promover la visibilidad de los trabajos que se desencadenen sobre los temas de dicha Coalici\u00f3n.<\/p>\n<p>Adem\u00e1s, resalt\u00f3 el trabajo que se ha realizado para impulsar el Acuerdo sobre Medidas del Estado Rector del Puerto de la Organizaci\u00f3n de las Naciones Unidas para la Alimentaci\u00f3n y la Agricultura, asegurando que M\u00e9xico avanza rumbo a la ratificaci\u00f3n formal del mismo, que est\u00e1 siendo analizada por el Senado.<\/p>\n<p>En la reuni\u00f3n de Sherpas, M\u00e9xico expuso cinco temas prioritarios para trabajar durante este 2023.<\/p>\n<p>Actualizaci\u00f3n de la Pol\u00edtica Nacional de Mares y Costas de M\u00e9xico, gobernanza, conocimiento y contabilidad oce\u00e1nica, pesca ilegal, otras medidas efectivas de conservaci\u00f3n basadas en \u00e1reas vinculados al Marco Global de Biodiversidad de Kunming Montreal, y negociaci\u00f3n de un acuerdo internacional vinculante sobre conservaci\u00f3n y uso sostenible de la diversidad biol\u00f3gica marina.<\/p>\n<p>Los expertos insistieron en la necesidad de movilizar una acci\u00f3n global para el financiamiento del oc\u00e9ano en 2023, definir la ruta para maximizar el impacto del Panel en eventos multilaterales como las cumbres del G20, las conferencias de Oc\u00e9anos, del Agua, la COP28 sobre cambio clim\u00e1tico y la Asamblea General de la ONU.<\/p>\n<p>La subsecretaria Delgado subray\u00f3 que la agenda oce\u00e1nica es de la m\u00e1s alta prioridad para M\u00e9xico cuyo gobierno acompa\u00f1ar\u00e1 de manera activa el cumplimiento de los compromisos asumidos en este 2023.<\/p>\n<p>Fuente:\u00a0 Elpais.cr<\/p>\n","protected":false},"excerpt":{"rendered":"<p>M\u00e9xico reafirm\u00f3 su compromiso con la Coalici\u00f3n de las Am\u00e9ricas para la Protecci\u00f3n del Oc\u00e9ano en una reuni\u00f3n de los cuatro pa\u00edses miembros de su panel de alto nivel. En un comunicado de prensa, la canciller\u00eda mexicana inform\u00f3 que la reuni\u00f3n del Panel Ocean -su nombre en ingl\u00e9s- la cual sesionar\u00e1 hasta este jueves en [&hellip;]<\/p>\n","protected":false},"author":2,"featured_media":26729,"comment_status":"open","ping_status":"open","sticky":false,"template":"","format":"standard","meta":{"footnotes":""},"categories":[63],"tags":[],"class_list":["post-26728","post","type-post","status-publish","format-standard","has-post-thumbnail","hentry","category-noticias"],"_links":{"self":[{"href":"http:\/\/www.perupesquero.org\/web\/wp-json\/wp\/v2\/posts\/26728","targetHints":{"allow":["GET"]}}],"collection":[{"href":"http:\/\/www.perupesquero.org\/web\/wp-json\/wp\/v2\/posts"}],"about":[{"href":"http:\/\/www.perupesquero.org\/web\/wp-json\/wp\/v2\/types\/post"}],"author":[{"embeddable":true,"href":"http:\/\/www.perupesquero.org\/web\/wp-json\/wp\/v2\/users\/2"}],"replies":[{"embeddable":true,"href":"http:\/\/www.perupesquero.org\/web\/wp-json\/wp\/v2\/comments?post=26728"}],"version-history":[{"count":1,"href":"http:\/\/www.perupesquero.org\/web\/wp-json\/wp\/v2\/posts\/26728\/revisions"}],"predecessor-version":[{"id":26730,"href":"http:\/\/www.perupesquero.org\/web\/wp-json\/wp\/v2\/posts\/26728\/revisions\/26730"}],"wp:featuredmedia":[{"embeddable":true,"href":"http:\/\/www.perupesquero.org\/web\/wp-json\/wp\/v2\/media\/26729"}],"wp:attachment":[{"href":"http:\/\/www.perupesquero.org\/web\/wp-json\/wp\/v2\/media?parent=26728"}],"wp:term":[{"taxonomy":"category","embeddable":true,"href":"http:\/\/www.perupesquero.org\/web\/wp-json\/wp\/v2\/categories?post=26728"},{"taxonomy":"post_tag","embeddable":true,"href":"http:\/\/www.perupesquero.org\/web\/wp-json\/wp\/v2\/tags?post=26728"}],"curies":[{"name":"wp","href":"https:\/\/api.w.org\/{rel}","templated":true}]}}