{"id":26722,"date":"2023-02-08T22:48:27","date_gmt":"2023-02-09T03:48:27","guid":{"rendered":"http:\/\/www.perupesquero.org\/web\/?p=26722"},"modified":"2023-02-08T22:48:27","modified_gmt":"2023-02-09T03:48:27","slug":"exponen-medidas-para-la-reactivacion-de-mypes-ante-crisis-politica-y-social","status":"publish","type":"post","link":"http:\/\/www.perupesquero.org\/web\/exponen-medidas-para-la-reactivacion-de-mypes-ante-crisis-politica-y-social\/","title":{"rendered":"Exponen medidas para la reactivaci\u00f3n de Mypes ante crisis pol\u00edtica y social"},"content":{"rendered":"<p>El viceministro de Mype e Industria del Ministerio de la Producci\u00f3n \u2013 Produce, Javier D\u00e1vila, expuso ante la Comisi\u00f3n de Comercio Exterior y Turismo, las medidas dirigidas a impulsar la reactivaci\u00f3n de las micro y peque\u00f1as empresas (Mypes), afectadas por la crisis social y pol\u00edtica que vive el pa\u00eds.<\/p>\n<p>Detall\u00f3 que las medidas adoptadas responden a cinco lineamientos: programa Con Punche Productivo; transformaci\u00f3n digital; entrega de cr\u00e9ditos a trav\u00e9s del programa FAE \u2013 Texco; encadenamientos productivos y la reactivaci\u00f3n de Gamarra.<\/p>\n<p>D\u00e1vila se\u00f1al\u00f3 que se ha desembolsado un primer paquete de 250 millones de soles destinados las mypes manufactureras, acu\u00edcolas y pesca artesanal; adem\u00e1s, la semana pasada se lanz\u00f3 en Huacho la plataforma Productor Digital para que los productores del agro y los peque\u00f1os pescadores artesanales coloquen sus productos a los grandes consumidores (hoteles, restaurantes, mercados de abastos).<\/p>\n<p>Asimismo, indic\u00f3 que se relanzar\u00e1 el programa Compras A MYPERU y que despu\u00e9s de 41 a\u00f1os han elaborado una propuesta para una ley de cooperativas que tiene gran impacto en Europa y en Jap\u00f3n.<\/p>\n<p>\u201cHemos colocado a 26 empresas de Gamarra en ferias con motivo del Concurso nacional de marinera. En conjunto, se ha generado alrededor de 50 mil soles los cuatro d\u00edas del evento\u201d, manifest\u00f3 el viceministro.<\/p>\n<p>Finalmente, agreg\u00f3 que se han desplegado acciones en regiones como Cusco, Arequipa, Puno, Ayacucho, La Libertad, que son las zonas de mayor conflicto y manifestaciones de protestas\u00a0que han afectado la actividad econ\u00f3mica en estas jurisdicciones.<\/p>\n<p>El presidente de la comisi\u00f3n de Comercio Exterior y Turismo, Edgar Tello (Bloque Magisterial de Concertaci\u00f3n Nacional) coment\u00f3 que el grupo de trabajo tiene la disposici\u00f3n de impulsar iniciativas como la ley de cooperativas que beneficiar\u00eda a productores y emprendedores del pa\u00eds.<\/p>\n<p>Durante su intervenci\u00f3n, Tello consult\u00f3 qui\u00e9nes ser\u00edan los beneficiarios del \u201cbono del pescador\u201d y cu\u00e1les son los requisitos para acceder a ello.<\/p>\n<p><strong>Situaci\u00f3n del turismo en Ica<\/strong><\/p>\n<p>Seguidamente se present\u00f3 el presidente de la C\u00e1mara de Comercio, Industria y Turismo de Ica, Eduardo Ojeda, quien expres\u00f3 su preocupaci\u00f3n por el 90% de reservas canceladas en la ciudad a ra\u00edz de los bloqueos en las v\u00edas.<\/p>\n<p>\u201cLos hoteles de dos, tres, hasta cuatro estrellas son los que m\u00e1s lo sufren. Muchas empresas han prescindido de sus trabajadores\u201d, inform\u00f3, tras solicitar a la Comisi\u00f3n analizar un programa de salvaguarda para las mypes del sector turismo\u00a0que fueron beneficiadas con los cr\u00e9ditos de Reactiva y que hoy no pueden cumplir con el pago de sus cuotas por los conflictos.<\/p>\n<p><strong>Se inhiben en ley de consumo y exportaci\u00f3n de aceituna<\/strong><\/p>\n<p>De otro lado, la comisi\u00f3n aprob\u00f3 por unanimidad, la inhibici\u00f3n del debate y aprobaci\u00f3n del dictamen reca\u00eddo en el Proyecto de Ley 3010\/2022-CR, Ley de masificaci\u00f3n del consumo de aceituna y fortalecimiento para su exportaci\u00f3n.<\/p>\n<p>Luego de la revisi\u00f3n de la f\u00f3rmula legal y la exposici\u00f3n de motivos, se concluy\u00f3 que los temas no ten\u00edan vinculaci\u00f3n con materia relacionada a Comercio Exterior.<\/p>\n<p>Finalmente, a cuarto intermedio se envi\u00f3 la aprobaci\u00f3n del predictamen reca\u00eddo en el proyecto de Ley 2754\/2022-CR que propone modificar la Ley 30860, Ley de Fortalecimiento de la ventanilla \u00fanica de Comercio Exterior, a fin de optimizar la contrataci\u00f3n electr\u00f3nica de los servicios del transporte terrestre y a\u00e9reo de carga.<\/p>\n<p>Nota de prensa Congreso de la Rep\u00fablica<\/p>\n<p>&nbsp;<\/p>\n<p>&nbsp;<\/p>\n","protected":false},"excerpt":{"rendered":"<p>El viceministro de Mype e Industria del Ministerio de la Producci\u00f3n \u2013 Produce, Javier D\u00e1vila, expuso ante la Comisi\u00f3n de Comercio Exterior y Turismo, las medidas dirigidas a impulsar la reactivaci\u00f3n de las micro y peque\u00f1as empresas (Mypes), afectadas por la crisis social y pol\u00edtica que vive el pa\u00eds. Detall\u00f3 que las medidas adoptadas responden [&hellip;]<\/p>\n","protected":false},"author":2,"featured_media":26723,"comment_status":"open","ping_status":"open","sticky":false,"template":"","format":"standard","meta":{"footnotes":""},"categories":[63],"tags":[],"class_list":["post-26722","post","type-post","status-publish","format-standard","has-post-thumbnail","hentry","category-noticias"],"_links":{"self":[{"href":"http:\/\/www.perupesquero.org\/web\/wp-json\/wp\/v2\/posts\/26722","targetHints":{"allow":["GET"]}}],"collection":[{"href":"http:\/\/www.perupesquero.org\/web\/wp-json\/wp\/v2\/posts"}],"about":[{"href":"http:\/\/www.perupesquero.org\/web\/wp-json\/wp\/v2\/types\/post"}],"author":[{"embeddable":true,"href":"http:\/\/www.perupesquero.org\/web\/wp-json\/wp\/v2\/users\/2"}],"replies":[{"embeddable":true,"href":"http:\/\/www.perupesquero.org\/web\/wp-json\/wp\/v2\/comments?post=26722"}],"version-history":[{"count":1,"href":"http:\/\/www.perupesquero.org\/web\/wp-json\/wp\/v2\/posts\/26722\/revisions"}],"predecessor-version":[{"id":26724,"href":"http:\/\/www.perupesquero.org\/web\/wp-json\/wp\/v2\/posts\/26722\/revisions\/26724"}],"wp:featuredmedia":[{"embeddable":true,"href":"http:\/\/www.perupesquero.org\/web\/wp-json\/wp\/v2\/media\/26723"}],"wp:attachment":[{"href":"http:\/\/www.perupesquero.org\/web\/wp-json\/wp\/v2\/media?parent=26722"}],"wp:term":[{"taxonomy":"category","embeddable":true,"href":"http:\/\/www.perupesquero.org\/web\/wp-json\/wp\/v2\/categories?post=26722"},{"taxonomy":"post_tag","embeddable":true,"href":"http:\/\/www.perupesquero.org\/web\/wp-json\/wp\/v2\/tags?post=26722"}],"curies":[{"name":"wp","href":"https:\/\/api.w.org\/{rel}","templated":true}]}}