{"id":26719,"date":"2023-02-08T22:30:22","date_gmt":"2023-02-09T03:30:22","guid":{"rendered":"http:\/\/www.perupesquero.org\/web\/?p=26719"},"modified":"2023-02-08T22:30:22","modified_gmt":"2023-02-09T03:30:22","slug":"minam-realizara-nueva-evaluacion-de-97-sitios-afectados-por-el-derrame-de-petroleo-de-repsol","status":"publish","type":"post","link":"http:\/\/www.perupesquero.org\/web\/minam-realizara-nueva-evaluacion-de-97-sitios-afectados-por-el-derrame-de-petroleo-de-repsol\/","title":{"rendered":"Minam realizar\u00e1 nueva evaluaci\u00f3n de 97 sitios afectados por el derrame de petr\u00f3leo de REPSOL"},"content":{"rendered":"<p><em><strong>Ministra Albina Ruiz y viceministra Giuliana Becerra se reunieron con pescadores artesanales de zonas costeras impactadas por dicho desastre ambiental.<\/strong><\/em><\/p>\n<p>En los pr\u00f3ximos d\u00edas, el Ministerio del Ambiente (Minam), a trav\u00e9s de su Organismo de Evaluaci\u00f3n y Fiscalizaci\u00f3n Ambiental (OEFA), realizar\u00e1 un nuevo an\u00e1lisis de los 97 sitios afectados (playas, acantilados, puntas y otras formaciones costeras) por el derrame de petr\u00f3leo de Repsol ocurrido en enero de 2022 en el mar de Ventanilla.<\/p>\n<p>As\u00ed lo dio a conocer la ministra del Ambiente, Albina Ruiz, en la reuni\u00f3n que sostuvo con pescadores artesanales de los distritos de Anc\u00f3n, Chancay, Santa Rosa, Aucallama y Ventanilla, a quienes les reiter\u00f3 el compromiso del sector para trabajar conjuntamente en la b\u00fasqueda de soluciones integrales a las consecuencias causadas por el derrame.<\/p>\n<p>En ese marco, explic\u00f3 que esta acci\u00f3n se efectuar\u00e1 de manera peri\u00f3dica a lo largo del a\u00f1o, a fin de monitorear y determinar el estado situacional de las zonas que fueron da\u00f1adas por el derrame de hidrocarburo y su evoluci\u00f3n; ello con el prop\u00f3sito de generar informaci\u00f3n sobre la calidad ambiental de dichos espacios.<\/p>\n<p>Por su parte, la viceministra de Gesti\u00f3n Ambiental del Minam, Giuliana Becerra, indic\u00f3 que se est\u00e1 elaborando un plan multisectorial posterior a la Declaratoria de Emergencia Ambiental (DEA) por dicho desastre, el cual involucra la participaci\u00f3n de todos los actores y sectores involucrados, principalmente de las personas dedicadas a la pesca artesanal. \u201cEs importante la articulaci\u00f3n entre todas las entidades y la ciudadan\u00eda para buscar una soluci\u00f3n\u201d, acot\u00f3.<\/p>\n<p>En ese sentido, subray\u00f3 que el problema ambiental en esos espacios a\u00fan no est\u00e1 resuelto, raz\u00f3n por la cual el Estado trabaja en la construcci\u00f3n de un documento donde se determinar\u00e1n las acciones concretas que deber\u00e1n ejecutar las diferentes entidades comprometidas.<\/p>\n<p>El dato:<\/p>\n<p><strong>&#8211; <\/strong>En la cita, realizada en la v\u00edspera, participaron representantes de la Asociaci\u00f3n de Pescadores Artesanales de Rivera de Chancay Virgen de Covadonga, del Sindicato de Pescadores Artesanales del Puerto de Chancay, y de la Asociaci\u00f3n de Desarrollo Integral Sostenible de Pescadores Artesanales y Acuicultores de Ventanilla de la regi\u00f3n Callao, entre otros.<\/p>\n<p>Nota de prensa Minam<\/p>\n","protected":false},"excerpt":{"rendered":"<p>Ministra Albina Ruiz y viceministra Giuliana Becerra se reunieron con pescadores artesanales de zonas costeras impactadas por dicho desastre ambiental. En los pr\u00f3ximos d\u00edas, el Ministerio del Ambiente (Minam), a trav\u00e9s de su Organismo de Evaluaci\u00f3n y Fiscalizaci\u00f3n Ambiental (OEFA), realizar\u00e1 un nuevo an\u00e1lisis de los 97 sitios afectados (playas, acantilados, puntas y otras formaciones [&hellip;]<\/p>\n","protected":false},"author":2,"featured_media":26720,"comment_status":"open","ping_status":"open","sticky":false,"template":"","format":"standard","meta":{"footnotes":""},"categories":[63],"tags":[],"class_list":["post-26719","post","type-post","status-publish","format-standard","has-post-thumbnail","hentry","category-noticias"],"_links":{"self":[{"href":"http:\/\/www.perupesquero.org\/web\/wp-json\/wp\/v2\/posts\/26719","targetHints":{"allow":["GET"]}}],"collection":[{"href":"http:\/\/www.perupesquero.org\/web\/wp-json\/wp\/v2\/posts"}],"about":[{"href":"http:\/\/www.perupesquero.org\/web\/wp-json\/wp\/v2\/types\/post"}],"author":[{"embeddable":true,"href":"http:\/\/www.perupesquero.org\/web\/wp-json\/wp\/v2\/users\/2"}],"replies":[{"embeddable":true,"href":"http:\/\/www.perupesquero.org\/web\/wp-json\/wp\/v2\/comments?post=26719"}],"version-history":[{"count":1,"href":"http:\/\/www.perupesquero.org\/web\/wp-json\/wp\/v2\/posts\/26719\/revisions"}],"predecessor-version":[{"id":26721,"href":"http:\/\/www.perupesquero.org\/web\/wp-json\/wp\/v2\/posts\/26719\/revisions\/26721"}],"wp:featuredmedia":[{"embeddable":true,"href":"http:\/\/www.perupesquero.org\/web\/wp-json\/wp\/v2\/media\/26720"}],"wp:attachment":[{"href":"http:\/\/www.perupesquero.org\/web\/wp-json\/wp\/v2\/media?parent=26719"}],"wp:term":[{"taxonomy":"category","embeddable":true,"href":"http:\/\/www.perupesquero.org\/web\/wp-json\/wp\/v2\/categories?post=26719"},{"taxonomy":"post_tag","embeddable":true,"href":"http:\/\/www.perupesquero.org\/web\/wp-json\/wp\/v2\/tags?post=26719"}],"curies":[{"name":"wp","href":"https:\/\/api.w.org\/{rel}","templated":true}]}}