{"id":26707,"date":"2023-02-03T22:41:36","date_gmt":"2023-02-04T03:41:36","guid":{"rendered":"http:\/\/www.perupesquero.org\/web\/?p=26707"},"modified":"2023-02-03T22:41:36","modified_gmt":"2023-02-04T03:41:36","slug":"peru-descartan-ocurrencia-de-evento-el-nino","status":"publish","type":"post","link":"http:\/\/www.perupesquero.org\/web\/peru-descartan-ocurrencia-de-evento-el-nino\/","title":{"rendered":"Per\u00fa: Descartan ocurrencia de evento El Ni\u00f1o"},"content":{"rendered":"<p>La Comisi\u00f3n Multisectorial del ENFEN, instancia oficial encargada del monitoreo y estudio del Fen\u00f3meno \u201cEl Ni\u00f1o\u201d, a trav\u00e9s de una nota de prensa refut\u00f3 la informaci\u00f3n que circula en los diferentes medios de comunicaci\u00f3n en los \u00faltimos d\u00edas, en torno a la posible ocurrencia de El Ni\u00f1o en el Pac\u00edfico tropical para la segunda mitad del a\u00f1o 2023 hacia el 2024.<\/p>\n<p>Los cient\u00edficos afirman que, si bien los modelos clim\u00e1ticos indican el desarrollo de El Ni\u00f1o desde los meses de invierno austral, se debe tener en consideraci\u00f3n que los pron\u00f3sticos actuales no son muy confiables para los meses de oto\u00f1o hacia adelante (\u201cbarrera de predictibilidad\u201d). Aseguran que, en base al monitoreo a la fecha en el Pac\u00edfico tropical, no hay evidencia de la ocurrencia inminente de El Ni\u00f1o en los pr\u00f3ximos meses.<\/p>\n<p>En cuanto a las condiciones en el mar peruano, el ENFEN considera que es m\u00e1s probable que frente a la costa norte y centro (parte de regi\u00f3n Ni\u00f1o 1+2) contin\u00fae en promedio la condici\u00f3n neutra hasta mediados de oto\u00f1o. No obstante, no se descarta que entre marzo y abril se desarrolle un calentamiento temporal en el norte, debido a la llegada de una onda Kelvin c\u00e1lida.<\/p>\n<p>Se recuerda que El ENFEN monitorea permanentemente las condiciones oc\u00e9ano atm\u00f3sfera y actualizar\u00e1 su pron\u00f3stico en su pr\u00f3ximo comunicado oficial el 16 de febrero de 2023.<\/p>\n<p>&nbsp;<\/p>\n<p>Nota de prensa ENFEN<\/p>\n","protected":false},"excerpt":{"rendered":"<p>La Comisi\u00f3n Multisectorial del ENFEN, instancia oficial encargada del monitoreo y estudio del Fen\u00f3meno \u201cEl Ni\u00f1o\u201d, a trav\u00e9s de una nota de prensa refut\u00f3 la informaci\u00f3n que circula en los diferentes medios de comunicaci\u00f3n en los \u00faltimos d\u00edas, en torno a la posible ocurrencia de El Ni\u00f1o en el Pac\u00edfico tropical para la segunda mitad [&hellip;]<\/p>\n","protected":false},"author":2,"featured_media":26708,"comment_status":"open","ping_status":"open","sticky":false,"template":"","format":"standard","meta":{"footnotes":""},"categories":[63],"tags":[],"class_list":["post-26707","post","type-post","status-publish","format-standard","has-post-thumbnail","hentry","category-noticias"],"_links":{"self":[{"href":"http:\/\/www.perupesquero.org\/web\/wp-json\/wp\/v2\/posts\/26707","targetHints":{"allow":["GET"]}}],"collection":[{"href":"http:\/\/www.perupesquero.org\/web\/wp-json\/wp\/v2\/posts"}],"about":[{"href":"http:\/\/www.perupesquero.org\/web\/wp-json\/wp\/v2\/types\/post"}],"author":[{"embeddable":true,"href":"http:\/\/www.perupesquero.org\/web\/wp-json\/wp\/v2\/users\/2"}],"replies":[{"embeddable":true,"href":"http:\/\/www.perupesquero.org\/web\/wp-json\/wp\/v2\/comments?post=26707"}],"version-history":[{"count":1,"href":"http:\/\/www.perupesquero.org\/web\/wp-json\/wp\/v2\/posts\/26707\/revisions"}],"predecessor-version":[{"id":26709,"href":"http:\/\/www.perupesquero.org\/web\/wp-json\/wp\/v2\/posts\/26707\/revisions\/26709"}],"wp:featuredmedia":[{"embeddable":true,"href":"http:\/\/www.perupesquero.org\/web\/wp-json\/wp\/v2\/media\/26708"}],"wp:attachment":[{"href":"http:\/\/www.perupesquero.org\/web\/wp-json\/wp\/v2\/media?parent=26707"}],"wp:term":[{"taxonomy":"category","embeddable":true,"href":"http:\/\/www.perupesquero.org\/web\/wp-json\/wp\/v2\/categories?post=26707"},{"taxonomy":"post_tag","embeddable":true,"href":"http:\/\/www.perupesquero.org\/web\/wp-json\/wp\/v2\/tags?post=26707"}],"curies":[{"name":"wp","href":"https:\/\/api.w.org\/{rel}","templated":true}]}}