{"id":26691,"date":"2023-02-01T17:48:15","date_gmt":"2023-02-01T22:48:15","guid":{"rendered":"http:\/\/www.perupesquero.org\/web\/?p=26691"},"modified":"2023-02-01T17:48:15","modified_gmt":"2023-02-01T22:48:15","slug":"peru-pescadores-piden-revisar-permisos-de-pesca-por-diez-anos","status":"publish","type":"post","link":"http:\/\/www.perupesquero.org\/web\/peru-pescadores-piden-revisar-permisos-de-pesca-por-diez-anos\/","title":{"rendered":"Per\u00fa: Pescadores piden revisar permisos de pesca por diez a\u00f1os"},"content":{"rendered":"<p>Una serie de observaciones a las propuestas sobre la Nueva Ley General de Pesca, recibi\u00f3 el grupo de trabajo de ese sector productivo de la Comisi\u00f3n de Producci\u00f3n, Micro y Peque\u00f1a Empresa y Cooperativas, por parte de los representantes de los pescadores y armadores.<\/p>\n<p>El congresista Jos\u00e9 Bernardo Pazo Nunura (SP) destac\u00f3 la participaci\u00f3n de los representantes pesqueros y la voluntad pol\u00edtica de escuchar la opini\u00f3n de los directamente interesados frente a los problemas que angustia a los pescadores, sobre todo a los del norte del pa\u00eds.<\/p>\n<p>Asimismo, hizo hincapi\u00e9 en la adopci\u00f3n de medidas en consenso para tomar las mejores determinaciones y plante\u00f3 recoger la opini\u00f3n de Imarpe y del Ministerio de la Producci\u00f3n.<\/p>\n<p>Durante la segunda sesi\u00f3n ordinaria del grupo de trabajo que preside el congresista Miguel \u00c1ngel Ciccia V\u00e1squez (RP) fueron escuchadas las observaciones de dirigentes de las organizaciones que re\u00fane a pescadores y otra de armadores de Lambayeque.<\/p>\n<p>Ciccia V\u00e1squez anunci\u00f3 que ha invitado para la pr\u00f3xima sesi\u00f3n al Ministro de la Producci\u00f3n, Ra\u00fal P\u00e9rez Reyes. La sesi\u00f3n podr\u00eda realizarse el 14 de febrero.<\/p>\n<p>Inform\u00f3 de la realizaci\u00f3n de una mesa de trabajo con la participaci\u00f3n de los sectores interesados, para estudiar el dictamen que re\u00fane varias propuestas para mejorar el sector.<\/p>\n<p>David Custodio Zavaleta, representante de la Asociaci\u00f3n de Armadores Industriales de Embarcaciones de Madera, expres\u00f3 su desacuerdo con las propuestas legislativas que colocan plazos de hasta diez a\u00f1os de permisos para este tipo de embarcaciones.<\/p>\n<p>Custodio Zavaleta refiri\u00f3 que los Contratos Ley de 1990 establec\u00eda plazos de hasta 30 a\u00f1os para las embarcaciones extranjeras, y con la propuesta de la Nueva Ley General de Pesca se impondr\u00eda para el pescador peruano solo diez a\u00f1os.<\/p>\n<p>\u201cLa aplicaci\u00f3n de la Ley implicar\u00eda inseguridad laboral, jur\u00eddica y la destrucci\u00f3n de las embarcaciones. Es una inequidad\u201d, expres\u00f3.<\/p>\n<p>\u201cQueremos una Ley que permita a los pesqueros ir a la sierra y a la selva y no tengamos que estar concentrados en los muelles. Como pol\u00edtica de Estado, en defensa de los consumidores, se deben crear los mercados hidrobiol\u00f3gicos para aumentar el consumo del producto\u201d, dijo al tiempo de rechazar la caducidad de los permisos para los medianos empresarios peruanos.<\/p>\n<p>De la misma opini\u00f3n fue otro representante de la Asociaci\u00f3n de Armadores, V\u00edctor Germ\u00e1n Orosco Nunton, quien se manifest\u00f3 preocupado por el destino de sus inversiones en sus embarcaciones, las que tienen una vida \u00fatil de 35 a 40 a\u00f1os, pero que con la propuesta de Ley solo tendr\u00eda vida diez a\u00f1os.<\/p>\n<p>Dijo que con ello se perjudicar\u00eda a la masa laboral y se abrir\u00eda una nueva brecha de desempleo.<\/p>\n<p>Lament\u00f3 que no haya medidas de protecci\u00f3n de la anchoveta, puesto que la pesca de hoy es de especies muy j\u00f3venes.<\/p>\n<p>En representaci\u00f3n del Programa de Gobernanza Marina de la Sociedad Peruana de Derecho Ambiental (SPDA) Jos\u00e9 Bringas Aceijas, dijo que el proceso de formalizaci\u00f3n pesquera al que solo ha accedido el 50%, de un total de dos mil 400 embarcaciones, vencer\u00e1 en julio del presente a\u00f1o.<\/p>\n<p>Consider\u00f3 que una alternativa de pr\u00f3rroga no es viable, sino la aprobaci\u00f3n de una Ley.<\/p>\n<p>Fuente: Congreso de la Rep\u00fablica del Per\u00fa<\/p>\n","protected":false},"excerpt":{"rendered":"<p>Una serie de observaciones a las propuestas sobre la Nueva Ley General de Pesca, recibi\u00f3 el grupo de trabajo de ese sector productivo de la Comisi\u00f3n de Producci\u00f3n, Micro y Peque\u00f1a Empresa y Cooperativas, por parte de los representantes de los pescadores y armadores. El congresista Jos\u00e9 Bernardo Pazo Nunura (SP) destac\u00f3 la participaci\u00f3n de [&hellip;]<\/p>\n","protected":false},"author":2,"featured_media":26692,"comment_status":"open","ping_status":"open","sticky":false,"template":"","format":"standard","meta":{"footnotes":""},"categories":[63],"tags":[],"class_list":["post-26691","post","type-post","status-publish","format-standard","has-post-thumbnail","hentry","category-noticias"],"_links":{"self":[{"href":"http:\/\/www.perupesquero.org\/web\/wp-json\/wp\/v2\/posts\/26691","targetHints":{"allow":["GET"]}}],"collection":[{"href":"http:\/\/www.perupesquero.org\/web\/wp-json\/wp\/v2\/posts"}],"about":[{"href":"http:\/\/www.perupesquero.org\/web\/wp-json\/wp\/v2\/types\/post"}],"author":[{"embeddable":true,"href":"http:\/\/www.perupesquero.org\/web\/wp-json\/wp\/v2\/users\/2"}],"replies":[{"embeddable":true,"href":"http:\/\/www.perupesquero.org\/web\/wp-json\/wp\/v2\/comments?post=26691"}],"version-history":[{"count":1,"href":"http:\/\/www.perupesquero.org\/web\/wp-json\/wp\/v2\/posts\/26691\/revisions"}],"predecessor-version":[{"id":26693,"href":"http:\/\/www.perupesquero.org\/web\/wp-json\/wp\/v2\/posts\/26691\/revisions\/26693"}],"wp:featuredmedia":[{"embeddable":true,"href":"http:\/\/www.perupesquero.org\/web\/wp-json\/wp\/v2\/media\/26692"}],"wp:attachment":[{"href":"http:\/\/www.perupesquero.org\/web\/wp-json\/wp\/v2\/media?parent=26691"}],"wp:term":[{"taxonomy":"category","embeddable":true,"href":"http:\/\/www.perupesquero.org\/web\/wp-json\/wp\/v2\/categories?post=26691"},{"taxonomy":"post_tag","embeddable":true,"href":"http:\/\/www.perupesquero.org\/web\/wp-json\/wp\/v2\/tags?post=26691"}],"curies":[{"name":"wp","href":"https:\/\/api.w.org\/{rel}","templated":true}]}}