{"id":26568,"date":"2022-12-29T20:53:51","date_gmt":"2022-12-30T01:53:51","guid":{"rendered":"http:\/\/www.perupesquero.org\/web\/?p=26568"},"modified":"2022-12-29T20:53:51","modified_gmt":"2022-12-30T01:53:51","slug":"onu-la-nina-podria-durar-hasta-marzo","status":"publish","type":"post","link":"http:\/\/www.perupesquero.org\/web\/onu-la-nina-podria-durar-hasta-marzo\/","title":{"rendered":"ONU: La Ni\u00f1a podr\u00eda durar hasta marzo"},"content":{"rendered":"<p>El fen\u00f3meno meteorol\u00f3gico<strong>\u00a0La Ni\u00f1a, <\/strong>responsable del<strong>\u00a0empeoramiento de la sequ\u00eda\u00a0en el\u00a0Cuerno de \u00c1frica, <\/strong>est\u00e1 resultando<strong>\u00a0&#8220;inusualmente persistente&#8221;<\/strong><strong>\u00a0y\u00a0podr\u00eda durar hasta febrero o marzo,\u00a0advirti\u00f3 la\u00a0Organizaci\u00f3n de las Naciones Unidas\u00a0(ONU).<\/strong><\/p>\n<p>Los c\u00e1lculos de la<strong>\u00a0Organizaci\u00f3n Meteorol\u00f3gica Mundial\u00a0<\/strong>(OMM) muestran que &#8220;hay un<strong>\u00a075% de probabilidades\u00a0<\/strong>de que La Ni\u00f1a persista durante el periodo<strong>\u00a0diciembre-febrero 2022\/2023\u00a0<\/strong>y un<strong>\u00a060%\u00a0<\/strong>de probabilidades para el periodo<strong>\u00a0enero-marzo&#8221;<\/strong>, dijo la organizaci\u00f3n en un comunicado.<\/p>\n<p>Las\u00a0<strong>lluvias monz\u00f3nicas m\u00e1s intensas y prolongadas\u00a0<\/strong>en el sudeste asi\u00e1tico est\u00e1n asociadas a La Ni\u00f1a, en particular en\u00a0<strong>Pakist\u00e1n<\/strong>, que sufri\u00f3\u00a0<strong>inundaciones catastr\u00f3ficas<\/strong>\u00a0en julio y agosto.<\/p>\n<p>Se trata de la primera vez en este siglo, y solo de la tercera desde\u00a0<strong>1950<\/strong>, que La Ni\u00f1a dura<strong>\u00a0tres inviernos consecutivos<\/strong>\u00a0en el hemisferio norte (o tres veranos consecutivos en el hemisferio sur), seg\u00fan el nuevo bolet\u00edn\u00a0<strong>Info-Ni\u00f1o\/Ni\u00f1a<\/strong>\u00a0publicado por la OMM.<\/p>\n<p>La agencia de la ONU estima en un\u00a0<strong>55%\u00a0<\/strong>la posibilidad de que el mundo experimente\u00a0<strong>un periodo sin La Ni\u00f1a<\/strong>\u00a0o su opuesto,\u00a0<strong>El Ni\u00f1o<\/strong>, durante los meses de<strong>\u00a0febrero a abril de 2023<\/strong>. Esa posibilidad se eleva al\u00a0<strong>70%<\/strong>\u00a0para los meses de\u00a0<strong>marzo a mayo<\/strong><\/p>\n<p>Consecuencias de La Ni\u00f1a<\/p>\n<p>El fen\u00f3meno provoca un\u00a0enfriamiento\u00a0de una parte de las aguas superficiales del\u00a0Pac\u00edfico, que influye en el\u00a0ciclo de las precipitaciones\u00a0y en el\u00a0clima de ciertas regiones del mundo.<\/p>\n<p>Seg\u00fan el informe provisional de la OMM sobre el estado del clima en el mundo en 2022, los patrones de\u00a0precipitaci\u00f3n\u00a0este a\u00f1o en muchas regiones estuvieron marcados por La Ni\u00f1a. En la\u00a0Patagonia,\u00a0Sudam\u00e9rica\u00a0y el suroeste de\u00a0Norteam\u00e9rica, as\u00ed como el este de\u00a0\u00c1frica, hubo un\u00a0clima m\u00e1s seco, mientras que el sur de \u00c1frica, el norte de Sudam\u00e9rica y el este de\u00a0Australia\u00a0fueron\u00a0m\u00e1s h\u00famedos.<\/p>\n<p>La zona del\u00a0<strong>Pac\u00edfico tropical\u00a0<\/strong>estuvo bajo la influencia de La Ni\u00f1a, con breves interrupciones, desde\u00a0<strong>septiembre de 2020<\/strong>\u00a0&#8220;pero esto solo tuvo un efecto de<strong>\u00a0enfriamiento limitado en las temperaturas globales<\/strong>&#8220;, dijo el secretario general de la OMM,\u00a0<strong>Petteri Taalas<\/strong>, que advirti\u00f3 varias veces de los\u00a0<strong>estragos del cambio clim\u00e1tico<\/strong>.<\/p>\n<p>&#8220;Los \u00faltimos ocho a\u00f1os deber\u00edan ser los\u00a0<strong>m\u00e1s c\u00e1lidos<\/strong>\u00a0de los que se tiene constancia y el\u00a0<strong>aumento del nivel del mar\u00a0<\/strong>y el<strong>\u00a0calentamiento de los oc\u00e9anos\u00a0<\/strong>se aceleraron&#8221;, a\u00f1adi\u00f3.<\/p>\n<p>Fuente: \u00c1mbito<\/p>\n","protected":false},"excerpt":{"rendered":"<p>El fen\u00f3meno meteorol\u00f3gico\u00a0La Ni\u00f1a, responsable del\u00a0empeoramiento de la sequ\u00eda\u00a0en el\u00a0Cuerno de \u00c1frica, est\u00e1 resultando\u00a0&#8220;inusualmente persistente&#8221;\u00a0y\u00a0podr\u00eda durar hasta febrero o marzo,\u00a0advirti\u00f3 la\u00a0Organizaci\u00f3n de las Naciones Unidas\u00a0(ONU). Los c\u00e1lculos de la\u00a0Organizaci\u00f3n Meteorol\u00f3gica Mundial\u00a0(OMM) muestran que &#8220;hay un\u00a075% de probabilidades\u00a0de que La Ni\u00f1a persista durante el periodo\u00a0diciembre-febrero 2022\/2023\u00a0y un\u00a060%\u00a0de probabilidades para el periodo\u00a0enero-marzo&#8221;, dijo la organizaci\u00f3n en un [&hellip;]<\/p>\n","protected":false},"author":2,"featured_media":26569,"comment_status":"open","ping_status":"open","sticky":false,"template":"","format":"standard","meta":{"footnotes":""},"categories":[63],"tags":[],"class_list":["post-26568","post","type-post","status-publish","format-standard","has-post-thumbnail","hentry","category-noticias"],"_links":{"self":[{"href":"http:\/\/www.perupesquero.org\/web\/wp-json\/wp\/v2\/posts\/26568","targetHints":{"allow":["GET"]}}],"collection":[{"href":"http:\/\/www.perupesquero.org\/web\/wp-json\/wp\/v2\/posts"}],"about":[{"href":"http:\/\/www.perupesquero.org\/web\/wp-json\/wp\/v2\/types\/post"}],"author":[{"embeddable":true,"href":"http:\/\/www.perupesquero.org\/web\/wp-json\/wp\/v2\/users\/2"}],"replies":[{"embeddable":true,"href":"http:\/\/www.perupesquero.org\/web\/wp-json\/wp\/v2\/comments?post=26568"}],"version-history":[{"count":1,"href":"http:\/\/www.perupesquero.org\/web\/wp-json\/wp\/v2\/posts\/26568\/revisions"}],"predecessor-version":[{"id":26570,"href":"http:\/\/www.perupesquero.org\/web\/wp-json\/wp\/v2\/posts\/26568\/revisions\/26570"}],"wp:featuredmedia":[{"embeddable":true,"href":"http:\/\/www.perupesquero.org\/web\/wp-json\/wp\/v2\/media\/26569"}],"wp:attachment":[{"href":"http:\/\/www.perupesquero.org\/web\/wp-json\/wp\/v2\/media?parent=26568"}],"wp:term":[{"taxonomy":"category","embeddable":true,"href":"http:\/\/www.perupesquero.org\/web\/wp-json\/wp\/v2\/categories?post=26568"},{"taxonomy":"post_tag","embeddable":true,"href":"http:\/\/www.perupesquero.org\/web\/wp-json\/wp\/v2\/tags?post=26568"}],"curies":[{"name":"wp","href":"https:\/\/api.w.org\/{rel}","templated":true}]}}