{"id":26535,"date":"2022-12-10T15:51:00","date_gmt":"2022-12-10T20:51:00","guid":{"rendered":"http:\/\/www.perupesquero.org\/web\/?p=26535"},"modified":"2022-12-10T15:51:00","modified_gmt":"2022-12-10T20:51:00","slug":"sandra-belaunde-arnillas-jura-como-ministra-de-la-produccion","status":"publish","type":"post","link":"http:\/\/www.perupesquero.org\/web\/sandra-belaunde-arnillas-jura-como-ministra-de-la-produccion\/","title":{"rendered":"Sandra Belaunde Arnillas jura como Ministra de la Producci\u00f3n"},"content":{"rendered":"<p>La Presidenta de la Rep\u00fablica, Dina Boluarte, tom\u00f3 juramento a Sandra Belaunde Arnillas como Ministra de la Producci\u00f3n en una ceremonia en Palacio de Gobierno.<\/p>\n<p>La nueva ministra es Magister en Administraci\u00f3n P\u00fablica en la Universidad de Columbia en Nueva York, cuenta con un diplomado en Antropolog\u00eda en la Pontificia Universidad Cat\u00f3lica del Per\u00fa y el bachillerato en Administraci\u00f3n y Finanzas en la Universidad Peruana de Ciencias Aplicadas.<\/p>\n<p>Sandra Belaunde tiene m\u00e1s de diez a\u00f1os de experiencia en an\u00e1lisis y ejecuci\u00f3n de pol\u00edticas p\u00fablicas, tanto desde el sector p\u00fablico como del privado.<\/p>\n<p>Ha sido Jefe de Estudios Econ\u00f3micos en el Ministerio de Cultura (Mincul), Asesora de Ministro en el Ministerio de Transporte y Comunicaciones (MTC) y Directora General de Pol\u00edticas y An\u00e1lisis Regulatorio (Produce) en el Ministerio de la Producci\u00f3n.<\/p>\n<p>Tambi\u00e9n fuee jefa de proyectos en el Instituto Peruano de Econom\u00eda (IPE) y consultora en APOYO Consultor\u00eda P\u00fablica (ACP\u00fablica). Asimismo, se desempe\u00f1\u00f3 como gerente de estudios econ\u00f3micos.<\/p>\n<p>Fuente: Andina<\/p>\n","protected":false},"excerpt":{"rendered":"<p>La Presidenta de la Rep\u00fablica, Dina Boluarte, tom\u00f3 juramento a Sandra Belaunde Arnillas como Ministra de la Producci\u00f3n en una ceremonia en Palacio de Gobierno. La nueva ministra es Magister en Administraci\u00f3n P\u00fablica en la Universidad de Columbia en Nueva York, cuenta con un diplomado en Antropolog\u00eda en la Pontificia Universidad Cat\u00f3lica del Per\u00fa y [&hellip;]<\/p>\n","protected":false},"author":2,"featured_media":26536,"comment_status":"open","ping_status":"open","sticky":false,"template":"","format":"standard","meta":{"footnotes":""},"categories":[63],"tags":[],"class_list":["post-26535","post","type-post","status-publish","format-standard","has-post-thumbnail","hentry","category-noticias"],"_links":{"self":[{"href":"http:\/\/www.perupesquero.org\/web\/wp-json\/wp\/v2\/posts\/26535","targetHints":{"allow":["GET"]}}],"collection":[{"href":"http:\/\/www.perupesquero.org\/web\/wp-json\/wp\/v2\/posts"}],"about":[{"href":"http:\/\/www.perupesquero.org\/web\/wp-json\/wp\/v2\/types\/post"}],"author":[{"embeddable":true,"href":"http:\/\/www.perupesquero.org\/web\/wp-json\/wp\/v2\/users\/2"}],"replies":[{"embeddable":true,"href":"http:\/\/www.perupesquero.org\/web\/wp-json\/wp\/v2\/comments?post=26535"}],"version-history":[{"count":1,"href":"http:\/\/www.perupesquero.org\/web\/wp-json\/wp\/v2\/posts\/26535\/revisions"}],"predecessor-version":[{"id":26537,"href":"http:\/\/www.perupesquero.org\/web\/wp-json\/wp\/v2\/posts\/26535\/revisions\/26537"}],"wp:featuredmedia":[{"embeddable":true,"href":"http:\/\/www.perupesquero.org\/web\/wp-json\/wp\/v2\/media\/26536"}],"wp:attachment":[{"href":"http:\/\/www.perupesquero.org\/web\/wp-json\/wp\/v2\/media?parent=26535"}],"wp:term":[{"taxonomy":"category","embeddable":true,"href":"http:\/\/www.perupesquero.org\/web\/wp-json\/wp\/v2\/categories?post=26535"},{"taxonomy":"post_tag","embeddable":true,"href":"http:\/\/www.perupesquero.org\/web\/wp-json\/wp\/v2\/tags?post=26535"}],"curies":[{"name":"wp","href":"https:\/\/api.w.org\/{rel}","templated":true}]}}